{"id":1039,"date":"2003-09-15T00:00:00","date_gmt":"2003-09-14T22:00:00","guid":{"rendered":"https:\/\/sergegirard.com\/5continents-afrique\/2003\/09\/15\/j-16-9-15-2003\/"},"modified":"2024-04-07T15:31:29","modified_gmt":"2024-04-07T13:31:29","slug":"j-16-9-15-2003","status":"publish","type":"post","link":"https:\/\/sergegirard.com\/5continents-afrique\/2003\/09\/15\/j-16-9-15-2003\/","title":{"rendered":"J-16 &#8211; 9\/15\/2003"},"content":{"rendered":"<br \/>\n<h4 class=\"h4-1\">J-16 &#8211; 0.0Km<\/h4>\n<h5 class=\"h5-2\">15\/09\/03 : J-16<\/h5>\n<div id=\"descin\">              Sur les routes de la Haute-Normandie, Serge s&rsquo;entra\u00eene depuis le printemps \u00e0 raison d&rsquo;environ 270 kilom\u00e8tres hebdomadaires, r\u00e9partis sur une dizaine de s\u00e9ances. On peut pr\u00e9sager que les fortes chaleurs de cet \u00e9t\u00e9 seront un atout lorsque, dans deux semaines, il d\u00e9barquera \u00e0 Dakar, quelques jours avant le d\u00e9part de la TransAfrica.Dans deux jours, mercredi 17, les deux v\u00e9hicules embarqueront au port du Havre pour un voyage de neuf jours. Deux membres de l&rsquo;\u00e9quipe accompagneront les v\u00e9hicules sur la mer et Serge et ses cinq assistants se retrouveront au complet \u00e0 Dakar le 26 septembre pour les tout derniers pr\u00e9paratifs.             <\/p>\n<p id=\"closingbar\">L&rsquo;INCROYABLE D\u00c9FI DE SERGE GIRARD<\/p>\n<p><\/p>\n<div class=\"galPhoto\">                    <img decoding=\"async\" src=\"https:\/\/sergegirard.com\/5continents-afrique\/wp-content\/uploads\/sites\/10\/2024\/04\/16_505.jpg\" alt=\"\" title=\"\">                    <img decoding=\"async\" src=\"https:\/\/sergegirard.com\/5continents-afrique\/wp-content\/uploads\/sites\/10\/2024\/04\/16_506.jpg\" alt=\"\" title=\"\">                    <img decoding=\"async\" src=\"https:\/\/sergegirard.com\/5continents-afrique\/wp-content\/uploads\/sites\/10\/2024\/04\/16_507.jpg\" alt=\"\" title=\"\">                    <img decoding=\"async\" src=\"https:\/\/sergegirard.com\/5continents-afrique\/wp-content\/uploads\/sites\/10\/2024\/04\/16_508.jpg\" alt=\"\" title=\"\">                    <img decoding=\"async\" src=\"https:\/\/sergegirard.com\/5continents-afrique\/wp-content\/uploads\/sites\/10\/2024\/04\/16_509.jpg\" alt=\"\" title=\"\"><\/div>\n","protected":false},"excerpt":{"rendered":"<p>J-16 &#8211; 0.0Km 15\/09\/03 : J-16 Sur les routes de la Haute-Normandie, Serge s&rsquo;entra\u00eene depuis le printemps \u00e0 raison d&rsquo;environ 270 kilom\u00e8tres hebdomadaires, r\u00e9partis sur une dizaine de s\u00e9ances. On peut pr\u00e9sager que les fortes chaleurs de cet \u00e9t\u00e9 seront un atout lorsque, dans deux semaines, il d\u00e9barquera \u00e0 Dakar, quelques jours avant le d\u00e9part [&hellip;]<\/p>\n","protected":false},"author":1,"featured_media":0,"comment_status":"open","ping_status":"open","sticky":false,"template":"","format":"standard","meta":{"_et_pb_use_builder":"","_et_pb_old_content":"","_et_gb_content_width":"","footnotes":""},"categories":[1],"tags":[],"class_list":["post-1039","post","type-post","status-publish","format-standard","hentry","category-non-classe"],"_links":{"self":[{"href":"https:\/\/sergegirard.com\/5continents-afrique\/wp-json\/wp\/v2\/posts\/1039","targetHints":{"allow":["GET"]}}],"collection":[{"href":"https:\/\/sergegirard.com\/5continents-afrique\/wp-json\/wp\/v2\/posts"}],"about":[{"href":"https:\/\/sergegirard.com\/5continents-afrique\/wp-json\/wp\/v2\/types\/post"}],"author":[{"embeddable":true,"href":"https:\/\/sergegirard.com\/5continents-afrique\/wp-json\/wp\/v2\/users\/1"}],"replies":[{"embeddable":true,"href":"https:\/\/sergegirard.com\/5continents-afrique\/wp-json\/wp\/v2\/comments?post=1039"}],"version-history":[{"count":1,"href":"https:\/\/sergegirard.com\/5continents-afrique\/wp-json\/wp\/v2\/posts\/1039\/revisions"}],"predecessor-version":[{"id":1044,"href":"https:\/\/sergegirard.com\/5continents-afrique\/wp-json\/wp\/v2\/posts\/1039\/revisions\/1044"}],"wp:attachment":[{"href":"https:\/\/sergegirard.com\/5continents-afrique\/wp-json\/wp\/v2\/media?parent=1039"}],"wp:term":[{"taxonomy":"category","embeddable":true,"href":"https:\/\/sergegirard.com\/5continents-afrique\/wp-json\/wp\/v2\/categories?post=1039"},{"taxonomy":"post_tag","embeddable":true,"href":"https:\/\/sergegirard.com\/5continents-afrique\/wp-json\/wp\/v2\/tags?post=1039"}],"curies":[{"name":"wp","href":"https:\/\/api.w.org\/{rel}","templated":true}]}}