{"id":1040,"date":"2003-09-28T00:00:00","date_gmt":"2003-09-27T22:00:00","guid":{"rendered":"https:\/\/sergegirard.com\/5continents-afrique\/2003\/09\/28\/j-3-9-28-2003\/"},"modified":"2024-04-07T15:31:42","modified_gmt":"2024-04-07T13:31:42","slug":"j-3-9-28-2003","status":"publish","type":"post","link":"https:\/\/sergegirard.com\/5continents-afrique\/2003\/09\/28\/j-3-9-28-2003\/","title":{"rendered":"J-3 &#8211; 9\/28\/2003"},"content":{"rendered":"<br \/>\n<h4 class=\"h4-1\">J-3 &#8211; 0.0Km<\/h4>\n<h5 class=\"h5-2\">28\/09 : Dakar<\/h5>\n<div id=\"descin\">               \u00ab Bienvenue au S\u00e9n\u00e9gal !  \u00bb. Vendredi 27 septembre peu avant midi, l&rsquo;\u00e9quipe de Serge au complet s&rsquo;est retrouv\u00e9e \u00e0 l&rsquo;H\u00f4tel Calao, pr\u00e8s de la Pointe des Almadies, \u00e0 une quinzaine de kilom\u00e8tres de Dakar. Serge, Laure, Stephan et Ludo sont arriv\u00e9s dans la nuit de Paris, via Milan, en quelques heures de vol. Au cours de la m\u00eame nuit et dans une remarquable synchronisation, le \u00a0\u00bb Saint-Roch \u00ab\u00a0, navire cargo parti 9 jours plus t\u00f4t du Havre, d\u00e9posait R\u00e9my et Jean-Beno\u00eet dans le port de Dakar.Neufs jours \u00e0 15 noeuds de moyenne pour les uns, autant d&rsquo;heures \u00e0 Mach 1 pour les autres, mais des fortunes diverses du c\u00f4t\u00e9 de leurs bagages respectifs quand l&rsquo;histoire se met \u00e0 prendre des airs du &lsquo;Li\u00e8vre et la Tortue&rsquo; d&rsquo;un certain Jean de La Fontaine. En effet, ceux qui avaient choisi l&rsquo;avion apprennent au d\u00e9barquement que leurs bagages se sont carapat\u00e9s \u00e0 T\u00e9h\u00e9ran et qu&rsquo;il ne reste plus maintenant qu&rsquo;\u00e0 patienter jusqu&rsquo;\u00e0 leur r\u00e9acheminent jusqu&rsquo;\u00e0 Dakar. Plus de chance pour les bagages de nos deux matelots, \u00e0 savoir les deux v\u00e9hicules de l&rsquo;exp\u00e9dition qui ont sagement voyag\u00e9 \u00e0 fond de cale. Leur d\u00e9barquement au milieu de la nuit fut n\u00e9anmoins quelque peu mouvement\u00e9 lorsque l&rsquo;un des deux v\u00e9hicules fut pri\u00e9 de quitter prestement les entrailles du cargo d&rsquo;un bon coup de pare-chocs de poids lourd de 35 tonnes par l&rsquo;arri\u00e8re et par la gr\u00e2ce d&rsquo;un docker mal r\u00e9veill\u00e9. Le crash-test fut heureusement concluant, permettant de v\u00e9rifier la solidit\u00e9 du Saviem TP3 qui en verra peut-\u00eatre d&rsquo;autres dans les mois \u00e0 venir, tandis que le docker jovial l\u00e2chait un \u00a0\u00bb bienvenue au S\u00e9n\u00e9gal ! \u00a0\u00bb de circonstance, dans un \u00e9norme \u00e9clat de rire.Malgr\u00e9 tout, l&rsquo;\u00e9quipe est \u00e0 bon port et le d\u00e9part de la TransAfrica reste fix\u00e9 au 1er octobre, mais dans l&rsquo;attente d&rsquo;une lib\u00e9ration rapide des 25 paires de chaussures de course de Serge par les douaniers iraniens. Quelques heures seulement apr\u00e8s son arriv\u00e9e, Serge (avec des chaussures d&#8217;emprunt) partait tester les conditions locales (35 \u00b0 et forte humidit\u00e9), le temps d&rsquo;un footing de d\u00e9crassage de 45 minutes.&rsquo;            <\/div>\n<\/p><\/div>\n<p>        <br class=\"clear\">      <\/div>\n<p id=\"closingbar\">L&rsquo;INCROYABLE D\u00c9FI DE SERGE GIRARD<\/p>\n<\/p><\/div>\n<\/div>\n<p><\/p>\n<div class=\"galPhoto\">\n","protected":false},"excerpt":{"rendered":"<p>J-3 &#8211; 0.0Km 28\/09 : Dakar \u00ab Bienvenue au S\u00e9n\u00e9gal ! \u00bb. Vendredi 27 septembre peu avant midi, l&rsquo;\u00e9quipe de Serge au complet s&rsquo;est retrouv\u00e9e \u00e0 l&rsquo;H\u00f4tel Calao, pr\u00e8s de la Pointe des Almadies, \u00e0 une quinzaine de kilom\u00e8tres de Dakar. Serge, Laure, Stephan et Ludo sont arriv\u00e9s dans la nuit de Paris, via Milan, [&hellip;]<\/p>\n","protected":false},"author":1,"featured_media":0,"comment_status":"open","ping_status":"open","sticky":false,"template":"","format":"standard","meta":{"_et_pb_use_builder":"","_et_pb_old_content":"","_et_gb_content_width":"","footnotes":""},"categories":[1],"tags":[],"class_list":["post-1040","post","type-post","status-publish","format-standard","hentry","category-non-classe"],"_links":{"self":[{"href":"https:\/\/sergegirard.com\/5continents-afrique\/wp-json\/wp\/v2\/posts\/1040","targetHints":{"allow":["GET"]}}],"collection":[{"href":"https:\/\/sergegirard.com\/5continents-afrique\/wp-json\/wp\/v2\/posts"}],"about":[{"href":"https:\/\/sergegirard.com\/5continents-afrique\/wp-json\/wp\/v2\/types\/post"}],"author":[{"embeddable":true,"href":"https:\/\/sergegirard.com\/5continents-afrique\/wp-json\/wp\/v2\/users\/1"}],"replies":[{"embeddable":true,"href":"https:\/\/sergegirard.com\/5continents-afrique\/wp-json\/wp\/v2\/comments?post=1040"}],"version-history":[{"count":1,"href":"https:\/\/sergegirard.com\/5continents-afrique\/wp-json\/wp\/v2\/posts\/1040\/revisions"}],"predecessor-version":[{"id":1052,"href":"https:\/\/sergegirard.com\/5continents-afrique\/wp-json\/wp\/v2\/posts\/1040\/revisions\/1052"}],"wp:attachment":[{"href":"https:\/\/sergegirard.com\/5continents-afrique\/wp-json\/wp\/v2\/media?parent=1040"}],"wp:term":[{"taxonomy":"category","embeddable":true,"href":"https:\/\/sergegirard.com\/5continents-afrique\/wp-json\/wp\/v2\/categories?post=1040"},{"taxonomy":"post_tag","embeddable":true,"href":"https:\/\/sergegirard.com\/5continents-afrique\/wp-json\/wp\/v2\/tags?post=1040"}],"curies":[{"name":"wp","href":"https:\/\/api.w.org\/{rel}","templated":true}]}}