{"id":1042,"date":"2003-08-19T00:00:00","date_gmt":"2003-08-18T22:00:00","guid":{"rendered":"https:\/\/sergegirard.com\/5continents-afrique\/2003\/08\/19\/j-43-8-19-2003\/"},"modified":"2024-04-07T15:31:11","modified_gmt":"2024-04-07T13:31:11","slug":"j-43-8-19-2003","status":"publish","type":"post","link":"https:\/\/sergegirard.com\/5continents-afrique\/2003\/08\/19\/j-43-8-19-2003\/","title":{"rendered":"J-43 &#8211; 8\/19\/2003"},"content":{"rendered":"<h4 class=\"h4-1\">J-43 &#8211; 0.0Km<\/h4>\n<h5 class=\"h5-2\">19\/08\/03 : J-43<\/h5>\n<div id=\"descin\">              &lsquo;A moins d&rsquo;un mois et demi du d\u00e9part, les pr\u00e9paratifs de la TransAfrica s&rsquo;acc\u00e9l\u00e8rent.Le d\u00e9part de Serge Girard pour sa quatri\u00e8me exp\u00e9dition transcontinentale est maintenant programm\u00e9 pour le 1er octobre. Initialement pr\u00e9vu en Mauritanie, pour des contraintes d&rsquo;organisation le d\u00e9part a d\u00fb \u00eatre d\u00e9plac\u00e9 \u00e0 Dakar, capitale du S\u00e9n\u00e9gal.L&rsquo;\u00e9quipe d&rsquo;assitance de Serge sera compos\u00e9e de cinq personnes qui l&rsquo;accompagneront pendant les 100 jours pr\u00e9vus pour cette travers\u00e9e d&rsquo;ouest en est du continent africain. Cinq personnes, toutes polyvalentes et particuli\u00e8rement motiv\u00e9es, qui ont accept\u00e9 de se mettre au service de Serge et de la r\u00e9ussite de son pari, avec un r\u00f4le plus particulier pour chacune d&rsquo;entre elles :- Laure Magnan, 32 ans, kin\u00e9sith\u00e9rapeute. D\u00e9j\u00e0 pr\u00e9sente aux c\u00f4t\u00e9s de Serge sur les pr\u00e9c\u00e9dentes travers\u00e9es des USA en 1997, de l&rsquo;Australie en 1999 et de l&rsquo;Am\u00e9rique du Sud en 2001, elle sera la coordonnatrice de l&rsquo;exp\u00e9dition sur les pr\u00e9paratifs de laquelle elle travaille depuis douze mois.- Ludovic Fortier, 32 ans, kin\u00e9sith\u00e9rapeute. A \u00e9galement assist\u00e9 Serge sur les travers\u00e9es de l&rsquo;Australie et de l&rsquo;Am\u00e9rique du Sud.- St\u00e9phan Jean, 46 ans, preneur d&rsquo;https:\/\/sergegirard.com\/old\/old\/images. Tout au long de la travers\u00e9e, il r\u00e9alisera les https:\/\/sergegirard.com\/old\/old\/images (film et photos) pour ce site et pour diff\u00e9rents media auxquels seront envoy\u00e9 des s\u00e9quences d&rsquo;https:\/\/sergegirard.com\/old\/old\/images en cours de travers\u00e9e. Apr\u00e8s le retour, la TransAfrica fera l&rsquo;objet d&rsquo;un film 52 minutes.- R\u00e9my Normand, 43 ans, m\u00e9canicien. Il s&rsquo;occupera de la maintenance des deux v\u00e9hicules tout-terrain de la caravane, un camion Saviem TP3 et un Toyota HDJ80.- Jean-Beno\u00eet Jaouen, 45 ans, journaliste. Animera ce site pour vous permettre de suivre l&rsquo;avanc\u00e9e de Serge au jour le jour.A la mi-septembre, les deux v\u00e9hicules embarqueront au Havre avec deux des membres de l&rsquo;assistance en direction de Dakar o\u00f9 les rejoindront, quelques jours avant le d\u00e9part, Serge et le reste de l&rsquo;\u00e9quipe.Le 1er octobre au bord de l&rsquo;oc\u00e9an, pr\u00e9cis\u00e9ment \u00e0 la \u00a0\u00bbPointe des Almadies\u00a0\u00bb \u00e0 15 km de Dakar, Serge s&rsquo;\u00e9lancera alors pour cette nouvelle aventure, la plus plus longue de toutes ses courses transcontinentales, puisqu&rsquo;elle totalisera une distance de l&rsquo;ordre de 8000 kilom\u00e8tres selon les choix d&rsquo;itin\u00e9raires impos\u00e9s au fur et \u00e0 mesure de la progression.&rsquo;<\/div>\n<\/div>\n<p id=\"closingbar\">L&rsquo;INCROYABLE D\u00c9FI DE SERGE GIRARD<\/p>\n<div class=\"galPhoto\">                    <img decoding=\"async\" src=\"https:\/\/sergegirard.com\/5continents-afrique\/wp-content\/uploads\/sites\/10\/2024\/04\/43_504.jpg\" alt=\"\" title=\"\"><\/div>\n","protected":false},"excerpt":{"rendered":"<p>J-43 &#8211; 0.0Km 19\/08\/03 : J-43 &lsquo;A moins d&rsquo;un mois et demi du d\u00e9part, les pr\u00e9paratifs de la TransAfrica s&rsquo;acc\u00e9l\u00e8rent.Le d\u00e9part de Serge Girard pour sa quatri\u00e8me exp\u00e9dition transcontinentale est maintenant programm\u00e9 pour le 1er octobre. Initialement pr\u00e9vu en Mauritanie, pour des contraintes d&rsquo;organisation le d\u00e9part a d\u00fb \u00eatre d\u00e9plac\u00e9 \u00e0 Dakar, capitale du S\u00e9n\u00e9gal.L&rsquo;\u00e9quipe [&hellip;]<\/p>\n","protected":false},"author":1,"featured_media":0,"comment_status":"open","ping_status":"open","sticky":false,"template":"","format":"standard","meta":{"_et_pb_use_builder":"off","_et_pb_old_content":"                    <h4 class=\"h4-1\">J-43 - 0.0Km<\/h4>            <h5 class=\"h5-2\">19\/08\/03 : J-43<\/h5>            <div id=\"descin\">              'A moins d'un mois et demi du d\u00e9part, les pr\u00e9paratifs de la TransAfrica s'acc\u00e9l\u00e8rent.Le d\u00e9part de Serge Girard pour sa quatri\u00e8me exp\u00e9dition transcontinentale est maintenant programm\u00e9 pour le 1er octobre. Initialement pr\u00e9vu en Mauritanie, pour des contraintes d'organisation le d\u00e9part a d\u00fb \u00eatre d\u00e9plac\u00e9 \u00e0 Dakar, capitale du S\u00e9n\u00e9gal.L'\u00e9quipe d'assitance de Serge sera compos\u00e9e de cinq personnes qui l'accompagneront pendant les 100 jours pr\u00e9vus pour cette travers\u00e9e d'ouest en est du continent africain. Cinq personnes, toutes polyvalentes et particuli\u00e8rement motiv\u00e9es, qui ont accept\u00e9 de se mettre au service de Serge et de la r\u00e9ussite de son pari, avec un r\u00f4le plus particulier pour chacune d'entre elles :- Laure Magnan, 32 ans, kin\u00e9sith\u00e9rapeute. D\u00e9j\u00e0 pr\u00e9sente aux c\u00f4t\u00e9s de Serge sur les pr\u00e9c\u00e9dentes travers\u00e9es des USA en 1997, de l'Australie en 1999 et de l'Am\u00e9rique du Sud en 2001, elle sera la coordonnatrice de l'exp\u00e9dition sur les pr\u00e9paratifs de laquelle elle travaille depuis douze mois.- Ludovic Fortier, 32 ans, kin\u00e9sith\u00e9rapeute. A \u00e9galement assist\u00e9 Serge sur les travers\u00e9es de l'Australie et de l'Am\u00e9rique du Sud.- St\u00e9phan Jean, 46 ans, preneur d'https:\/\/sergegirard.com\/old\/old\/images. Tout au long de la travers\u00e9e, il r\u00e9alisera les https:\/\/sergegirard.com\/old\/old\/images (film et photos) pour ce site et pour diff\u00e9rents media auxquels seront envoy\u00e9 des s\u00e9quences d'https:\/\/sergegirard.com\/old\/old\/images en cours de travers\u00e9e. Apr\u00e8s le retour, la TransAfrica fera l'objet d'un film 52 minutes.- R\u00e9my Normand, 43 ans, m\u00e9canicien. Il s'occupera de la maintenance des deux v\u00e9hicules tout-terrain de la caravane, un camion Saviem TP3 et un Toyota HDJ80.- Jean-Beno\u00eet Jaouen, 45 ans, journaliste. Animera ce site pour vous permettre de suivre l'avanc\u00e9e de Serge au jour le jour.A la mi-septembre, les deux v\u00e9hicules embarqueront au Havre avec deux des membres de l'assistance en direction de Dakar o\u00f9 les rejoindront, quelques jours avant le d\u00e9part, Serge et le reste de l'\u00e9quipe.Le 1er octobre au bord de l'oc\u00e9an, pr\u00e9cis\u00e9ment \u00e0 la ''Pointe des Almadies'' \u00e0 15 km de Dakar, Serge s'\u00e9lancera alors pour cette nouvelle aventure, la plus plus longue de toutes ses courses transcontinentales, puisqu'elle totalisera une distance de l'ordre de 8000 kilom\u00e8tres selon les choix d'itin\u00e9raires impos\u00e9s au fur et \u00e0 mesure de la progression.'            <\/div>                  <\/div>        <br class=\"clear\">      <\/div>        <p id=\"closingbar\">L'INCROYABLE D\u00c9FI DE SERGE GIRARD<\/p>  <\/div><\/div><br\/><div class=\"galPhoto\">                    <img src=\"https:\/\/sergegirard.com\/5continents-afrique\/wp-content\/uploads\/sites\/10\/2024\/04\/43_504.jpg\" alt=\"\" title=\"\"><\/div>","_et_gb_content_width":"","footnotes":""},"categories":[1],"tags":[],"class_list":["post-1042","post","type-post","status-publish","format-standard","hentry","category-non-classe"],"_links":{"self":[{"href":"https:\/\/sergegirard.com\/5continents-afrique\/wp-json\/wp\/v2\/posts\/1042","targetHints":{"allow":["GET"]}}],"collection":[{"href":"https:\/\/sergegirard.com\/5continents-afrique\/wp-json\/wp\/v2\/posts"}],"about":[{"href":"https:\/\/sergegirard.com\/5continents-afrique\/wp-json\/wp\/v2\/types\/post"}],"author":[{"embeddable":true,"href":"https:\/\/sergegirard.com\/5continents-afrique\/wp-json\/wp\/v2\/users\/1"}],"replies":[{"embeddable":true,"href":"https:\/\/sergegirard.com\/5continents-afrique\/wp-json\/wp\/v2\/comments?post=1042"}],"version-history":[{"count":5,"href":"https:\/\/sergegirard.com\/5continents-afrique\/wp-json\/wp\/v2\/posts\/1042\/revisions"}],"predecessor-version":[{"id":1043,"href":"https:\/\/sergegirard.com\/5continents-afrique\/wp-json\/wp\/v2\/posts\/1042\/revisions\/1043"}],"wp:attachment":[{"href":"https:\/\/sergegirard.com\/5continents-afrique\/wp-json\/wp\/v2\/media?parent=1042"}],"wp:term":[{"taxonomy":"category","embeddable":true,"href":"https:\/\/sergegirard.com\/5continents-afrique\/wp-json\/wp\/v2\/categories?post=1042"},{"taxonomy":"post_tag","embeddable":true,"href":"https:\/\/sergegirard.com\/5continents-afrique\/wp-json\/wp\/v2\/tags?post=1042"}],"curies":[{"name":"wp","href":"https:\/\/api.w.org\/{rel}","templated":true}]}}