{"id":858,"date":"2003-11-15T00:00:00","date_gmt":"2003-11-14T23:00:00","guid":{"rendered":"https:\/\/sergegirard.com\/5continents-afrique\/2003\/11\/15\/j45-15-11-2003\/"},"modified":"2003-11-15T00:00:00","modified_gmt":"2003-11-14T23:00:00","slug":"j45-15-11-2003","status":"publish","type":"post","link":"https:\/\/sergegirard.com\/5continents-afrique\/2003\/11\/15\/j45-15-11-2003\/","title":{"rendered":"J45 &#8211; 15\/11\/2003"},"content":{"rendered":"<br \/>\n<h4 class=\"h4-1\">J45 &#8211; 32.0Km<\/h4>\n<h5 class=\"h5-2\">Samedi 15 novembre : NIAMEY \/ ? J45 : 32K ( 3h07&prime;) Total : 3070K T\u00b0 max : 42\u00b0C<\/h5>\n<div id=\"descin\">              Une petite journ\u00e9e qui ne d\u00e9note aucune faiblesse de la part de Serge mais tout simplement un emploi du temps charg\u00e9. Serge s&rsquo;octroie une vraie matin\u00e9e de sommeil avec un r\u00e9veil programm\u00e9 \u00e0 6h15. Toute l&rsquo;\u00e9quipe savoure un petit-d\u00e9jeuner copieux compos\u00e9 de croissants et pains au chocolat croustillants \u00e0 souhait, de lait et jus de fruits frais ainsi que de yaourts &#8230; quel d\u00e9lice !Niamey en cette heure matinale est plut\u00f4t calme. Serge traverse la ville sans encombres,passant devant le grand stade de football puis devant la grande mosqu\u00e9e et sa place de la pri\u00e8re, avant de bifurquer sur la route qui m\u00e8ne \u00e0 Baleyara, encourag\u00e9 par des nig\u00e9riens tout heureux de reconna\u00eetre le coureur fran\u00e7ais vu \u00e0 la t\u00e9l\u00e9vision nationale la veille au soir. Apr\u00e8s s&rsquo;\u00eatre perdus dans la ville, dont certaines art\u00e8res empreint\u00e9es par le cort\u00e9ge pr\u00e9sidentiel lors de la visite de Jacques Chirac, ont \u00e9t\u00e9 fraichement regoudronn\u00e9es pour l&rsquo;occasion, Ludo, Abdou et Serge arrivent \u00e0 l&rsquo;h\u00f4tel. Toute l&rsquo;\u00e9quipe se pr\u00e9pare pour un d\u00e9jeuner un peu particulier. Monsieur l&rsquo;Ambassadeur et son \u00e9pouse, nous ont invit\u00e9 \u00e0 partager un moment de convivialit\u00e9 fort appr\u00e9ci\u00e9 de tous. Nos h\u00f4tes se sont montr\u00e9s tr\u00e8s int\u00e9ress\u00e9s et admiratifs vis \u00e0 vis de ce nouveau d\u00e9fi de Serge. Ils nous ont fait part de leur total soutien pour la suite de ce long p\u00e9riple.Les services de l&rsquo;ambassade rencontr\u00e9s jeudi ont oeuvr\u00e9 pour nous avec beaucoup d&rsquo;\u00e9nergie. Nous tenons \u00e0 remercier tout particuli\u00e8rement , le service de presse et le service de la police pour leur aide et leur efficacit\u00e9. Il nous faut \u00e9galementprofiter de notre passage dans la capitale Nig\u00e9rienne pour anticiper la suite du voyage et s&rsquo;inqui\u00e9ter de notre passage au Tchad. Outre les visas obtenus par Laure et Mohamed en un temps record d\u00e8s la fin de la semaine, c&rsquo;est toute une nouvelle organisation que nous devons mettre en place, l&rsquo;\u00e9quipe de Tid\u00e9ne ( l&rsquo;agence de Mohamed) nous quittant, malheureusement serions nous tent\u00e9s de dire, auxlimites du territoire Nig\u00e9rien. Un guide du Tchad prendra le relais de nos amis nig\u00e9riens d\u00e8s la fronti\u00e8re avec un v\u00e9hicule et \u00e0 son bord 2 fran\u00e7ais suppl\u00e9mentaires fraichement d\u00e9barqu\u00e9s de l&rsquo;hexagone. 2 petites lignes suffisent \u00e0 expliquer le passage et les changements d&rsquo;organisation occasionn\u00e9s par ce transit d&rsquo;un pays \u00e0 l&rsquo;autre, mais cela aura n\u00e9cessit\u00e9 (et ce n&rsquo;est certainnement pas encore termin\u00e9) une d\u00e9pense d&rsquo;\u00e9nergie ph\u00e9nom\u00e9nale et de nombreuses heures pass\u00e9es au t\u00e9l\u00e9phone et devant le clavier de l&rsquo;ordinateur. Ce travail de l&rsquo;ombre est tr\u00e8s souvent occult\u00e9 des r\u00e9cits de voyage, mais c&rsquo;est \u00e9galement gr\u00e2ce \u00e0 cela que Serge, arm\u00e9 de sa volont\u00e9 et de son courage, franchit un \u00e0 un les obstacles susceptibles d&rsquo;entraver le bon d\u00e9roulement de sa \u00a0\u00bbcourse en avant\u00a0\u00bb.C\u00f4t\u00e9 mat\u00e9riel, le Mulet va poursuivre son chemin sans pare-brise. Les n\u00e9gociations engag\u00e9es par Mohamed n&rsquo;ont pas abouti, f\u00e2ce \u00e0 un vendeur donnant \u00e0 un vulgaire p\u00e2re-brise, la valeur d&rsquo;une feuille d&rsquo;or. Quant aux freins qui se sont montr\u00e9s bien fragiles sur les derni\u00e8res longueurs menant \u00e0 notre hotel, nous n&rsquo;avons pas d&rsquo;autres choix que de nous en contenter. De toutes fa\u00e7ons, aucun Mulet ne poss\u00e8de de syst\u00e8me de freinage. Cela ne les emp\u00eache nullement de s&rsquo;arr\u00eater bien au contraire, au grand d\u00e9sarroi de leur propri\u00e9taires qui s&rsquo;\u00e9vertuent \u00e0 les faire avancer \u00e0 grands coups de b\u00e2tons.Tous les v\u00e9hicules de la caravane Transafricaine se sont transform\u00e9s, au cours de ces derni\u00e8res 48 heures, en garde manger ambulant afin d&rsquo;assurer le ravitaillement de notre bande d&rsquo;affam\u00e9s durant les longues semaines \u00e0 venir.En fin de journ\u00e9e, chaque membre de l&rsquo;\u00e9quipe vaque \u00e0 ses occupations, allant de la sieste, la t\u00e9l\u00e9vision, les coups de t\u00e9l\u00e9phone de la famille ou les sorties nocturnes, favoris\u00e9es par un emploi dutemps de dimanche, all\u00e9g\u00e9 pour les plus chanceux. D\u00e8s lundi, il faudra remettre le pied \u00e0 l&rsquo;\u00e9trier et se relancer dans l&rsquo;aventure qui ne s&rsquo;est d&rsquo;ailleurs jamais interrompue, notamment pour Serge.            <\/div>\n<\/p><\/div>\n<p>        <br class=\"clear\"><\/p>\n<div class=\"galPhoto\">                    <img decoding=\"async\" src=\"https:\/\/sergegirard.com\/5continents-afrique\/wp-content\/uploads\/sites\/10\/2023\/11\/45_138.jpg\" alt=\"\" title=\"\">                    <img decoding=\"async\" src=\"https:\/\/sergegirard.com\/5continents-afrique\/wp-content\/uploads\/sites\/10\/2023\/11\/45_139.jpg\" alt=\"\" title=\"\">                    <img decoding=\"async\" src=\"https:\/\/sergegirard.com\/5continents-afrique\/wp-content\/uploads\/sites\/10\/2023\/11\/45_140.jpg\" alt=\"\" title=\"\">                    <img decoding=\"async\" src=\"https:\/\/sergegirard.com\/5continents-afrique\/wp-content\/uploads\/sites\/10\/2023\/11\/45_141.jpg\" alt=\"\" title=\"\"><\/div>\n","protected":false},"excerpt":{"rendered":"<p>J45 &#8211; 32.0Km Samedi 15 novembre : NIAMEY \/ ? J45 : 32K ( 3h07&prime;) Total : 3070K T\u00b0 max : 42\u00b0C Une petite journ\u00e9e qui ne d\u00e9note aucune faiblesse de la part de Serge mais tout simplement un emploi du temps charg\u00e9. Serge s&rsquo;octroie une vraie matin\u00e9e de sommeil avec un r\u00e9veil programm\u00e9 \u00e0 [&hellip;]<\/p>\n","protected":false},"author":1,"featured_media":0,"comment_status":"open","ping_status":"open","sticky":false,"template":"","format":"standard","meta":{"_et_pb_use_builder":"","_et_pb_old_content":"","_et_gb_content_width":"","footnotes":""},"categories":[1],"tags":[],"class_list":["post-858","post","type-post","status-publish","format-standard","hentry","category-non-classe"],"_links":{"self":[{"href":"https:\/\/sergegirard.com\/5continents-afrique\/wp-json\/wp\/v2\/posts\/858","targetHints":{"allow":["GET"]}}],"collection":[{"href":"https:\/\/sergegirard.com\/5continents-afrique\/wp-json\/wp\/v2\/posts"}],"about":[{"href":"https:\/\/sergegirard.com\/5continents-afrique\/wp-json\/wp\/v2\/types\/post"}],"author":[{"embeddable":true,"href":"https:\/\/sergegirard.com\/5continents-afrique\/wp-json\/wp\/v2\/users\/1"}],"replies":[{"embeddable":true,"href":"https:\/\/sergegirard.com\/5continents-afrique\/wp-json\/wp\/v2\/comments?post=858"}],"version-history":[{"count":0,"href":"https:\/\/sergegirard.com\/5continents-afrique\/wp-json\/wp\/v2\/posts\/858\/revisions"}],"wp:attachment":[{"href":"https:\/\/sergegirard.com\/5continents-afrique\/wp-json\/wp\/v2\/media?parent=858"}],"wp:term":[{"taxonomy":"category","embeddable":true,"href":"https:\/\/sergegirard.com\/5continents-afrique\/wp-json\/wp\/v2\/categories?post=858"},{"taxonomy":"post_tag","embeddable":true,"href":"https:\/\/sergegirard.com\/5continents-afrique\/wp-json\/wp\/v2\/tags?post=858"}],"curies":[{"name":"wp","href":"https:\/\/api.w.org\/{rel}","templated":true}]}}