{"id":863,"date":"2003-10-06T00:00:00","date_gmt":"2003-10-05T22:00:00","guid":{"rendered":"https:\/\/sergegirard.com\/5continents-afrique\/2003\/10\/06\/j5-6-10-2003\/"},"modified":"2003-10-06T00:00:00","modified_gmt":"2003-10-05T22:00:00","slug":"j5-6-10-2003","status":"publish","type":"post","link":"https:\/\/sergegirard.com\/5continents-afrique\/2003\/10\/06\/j5-6-10-2003\/","title":{"rendered":"J5 &#8211; 6\/10\/2003"},"content":{"rendered":"<br \/>\n<h4 class=\"h4-1\">J5 &#8211; 87.0Km<\/h4>\n<h5 class=\"h5-2\">06\/10 &#8211; Kaffrine \/ Darou Wolof (pr\u00e8s Koungheul) Jour : 87 K (9h45&prime;) Total : 361,5 K<\/h5>\n<div id=\"descin\">              L&rsquo;escale d&rsquo;une douzaine d&rsquo;heures \u00e0 Kaffrine aura en remis d&rsquo;\u00e9querre plus d&rsquo;un, parmi les membresde la TransAfrica frais d\u00e9barqu\u00e9s et encore un peu tendres sous le soleil. Le Saviem repart avec un demi-pont arri\u00e8re refait \u00e0 neuf tandis que pour Serge, les heures de sommeil en chambre climatis\u00e9e (pour la premi\u00e8re fois depuis le d\u00e9part) auront \u00e9galement fait l&rsquo;effet d&rsquo;un bon cont\u00f4le technique. Pour tous les autres, l&rsquo;occasion appr\u00e9ci\u00e9e \u00e0 sa juste valeur d&rsquo;une nuit plus confortable que celle des campements habituels et de boissons vraiment fra\u00eeches tout droit sorties d&rsquo;un vrai r\u00e9frig\u00e9rateur et parmi lesquelles on notera le beau succ\u00e8s de \u00a0\u00bbla Gazelle\u00a0\u00bb, bi\u00e8re s\u00e9n\u00e9galaise largement plebiscit\u00e9e.A une heure parfaitement incongrue sous ces latitudes, le gardien de nuit est sorti de son sommeil pour nous ouvrir les grilles de l&rsquo;h\u00f4tel et, \u00e0 3h55, Serge bat d\u00e9j\u00e0 le bitume. Notre route a retrouv\u00e9 la voie ferr\u00e9e qui relie Dakar \u00e0 Bamako en deux jours et nous la suivrons maintenant pendant 500 kilom\u00e8tres jusqu&rsquo;\u00e0 la ville de Kayes, au Mali. A la moyenne actuelle, Serge franchira la fronti\u00e8re malienne vendredi prochain, apr\u00e8s une travers\u00e9e express du S\u00e9n\u00e9gal en 9 jours.C&rsquo;est aujourd&rsquo;hui jour de rentr\u00e9e des classes au S\u00e9n\u00e9gal et, bien avant le lever du jour nous trouvons dans les villages des groupes d&rsquo;enfants, ardoise sous le bras, attendant sagement le ramassage scolaire. Sans aucun passage \u00e0 vide et \u00e0 presque 9 km\/h de moyenne, Serge signe sa d\u00e9sormais plus longue \u00e9tape depuis le d\u00e9part, et conclue son 87\u00e8 kilom\u00e8tre du jour d&rsquo;un \u00a0\u00bbenfin la premi\u00e8re vraie \u00e9tape !\u00a0\u00bb, visiblement satisfait.Notre caravane continue de tirer plein est, sur la principale route de p\u00e9n\u00e9tration vers l&rsquo;int\u00e9rieur, une route terriblement plate et rectiligne au milieu de la savane, toujours bitum\u00e9e et en bon \u00e9tat, juste suffisamment agr\u00e9ment\u00e9e de quelques passages de rev\u00eatement \u00e9clat\u00e9 pour tenir \u00e9veill\u00e9e l&rsquo;attention des chauffeurs.P.S. : calm\u00e9s par les ardeurs du thermom\u00e8tre, nous nous sommes mis \u00e0 l&rsquo;heure africaine. Dor\u00e9navant, le compte-rendu quotidien de l&rsquo;\u00e9tape sera mis \u00e0 jour en ligne \u00e0 J+1 (aujourd&rsquo;hui = la journ\u00e9e d&rsquo;hier).            <\/div>\n<\/p><\/div>\n<p>        <br class=\"clear\"><\/p>\n<div class=\"galPhoto\">                    <img decoding=\"async\" src=\"https:\/\/sergegirard.com\/5continents-afrique\/wp-content\/uploads\/sites\/10\/2023\/11\/5_14.jpg\" alt=\"\" title=\"\">                    <img decoding=\"async\" src=\"https:\/\/sergegirard.com\/5continents-afrique\/wp-content\/uploads\/sites\/10\/2023\/11\/5_15.jpg\" alt=\"\" title=\"\">                    <img decoding=\"async\" src=\"https:\/\/sergegirard.com\/5continents-afrique\/wp-content\/uploads\/sites\/10\/2023\/11\/5_16.jpg\" alt=\"\" title=\"\">                    <img decoding=\"async\" src=\"https:\/\/sergegirard.com\/5continents-afrique\/wp-content\/uploads\/sites\/10\/2023\/11\/5_17.jpg\" alt=\"\" title=\"\"><\/div>\n","protected":false},"excerpt":{"rendered":"<p>J5 &#8211; 87.0Km 06\/10 &#8211; Kaffrine \/ Darou Wolof (pr\u00e8s Koungheul) Jour : 87 K (9h45&prime;) Total : 361,5 K L&rsquo;escale d&rsquo;une douzaine d&rsquo;heures \u00e0 Kaffrine aura en remis d&rsquo;\u00e9querre plus d&rsquo;un, parmi les membresde la TransAfrica frais d\u00e9barqu\u00e9s et encore un peu tendres sous le soleil. Le Saviem repart avec un demi-pont arri\u00e8re refait [&hellip;]<\/p>\n","protected":false},"author":1,"featured_media":0,"comment_status":"open","ping_status":"open","sticky":false,"template":"","format":"standard","meta":{"_et_pb_use_builder":"","_et_pb_old_content":"","_et_gb_content_width":"","footnotes":""},"categories":[1],"tags":[],"class_list":["post-863","post","type-post","status-publish","format-standard","hentry","category-non-classe"],"_links":{"self":[{"href":"https:\/\/sergegirard.com\/5continents-afrique\/wp-json\/wp\/v2\/posts\/863","targetHints":{"allow":["GET"]}}],"collection":[{"href":"https:\/\/sergegirard.com\/5continents-afrique\/wp-json\/wp\/v2\/posts"}],"about":[{"href":"https:\/\/sergegirard.com\/5continents-afrique\/wp-json\/wp\/v2\/types\/post"}],"author":[{"embeddable":true,"href":"https:\/\/sergegirard.com\/5continents-afrique\/wp-json\/wp\/v2\/users\/1"}],"replies":[{"embeddable":true,"href":"https:\/\/sergegirard.com\/5continents-afrique\/wp-json\/wp\/v2\/comments?post=863"}],"version-history":[{"count":0,"href":"https:\/\/sergegirard.com\/5continents-afrique\/wp-json\/wp\/v2\/posts\/863\/revisions"}],"wp:attachment":[{"href":"https:\/\/sergegirard.com\/5continents-afrique\/wp-json\/wp\/v2\/media?parent=863"}],"wp:term":[{"taxonomy":"category","embeddable":true,"href":"https:\/\/sergegirard.com\/5continents-afrique\/wp-json\/wp\/v2\/categories?post=863"},{"taxonomy":"post_tag","embeddable":true,"href":"https:\/\/sergegirard.com\/5continents-afrique\/wp-json\/wp\/v2\/tags?post=863"}],"curies":[{"name":"wp","href":"https:\/\/api.w.org\/{rel}","templated":true}]}}