{"id":2099,"date":"2005-12-30T00:00:00","date_gmt":"2005-12-29T23:00:00","guid":{"rendered":"https:\/\/sergegirard.com\/5continents-eurasie\/2005\/12\/30\/j13-12-30-2005\/"},"modified":"2005-12-30T00:00:00","modified_gmt":"2005-12-29T23:00:00","slug":"j13-12-30-2005","status":"publish","type":"post","link":"https:\/\/sergegirard.com\/5continents-eurasie\/2005\/12\/30\/j13-12-30-2005\/","title":{"rendered":"J13 &#8211; 12\/30\/2005"},"content":{"rendered":"<div class=\"galPhoto\">\n<div align=\"center\"><img decoding=\"async\" class=\"photoCourse\" src=\"https:\/\/sergegirard.com\/5continents-eurasie\/wp-content\/uploads\/sites\/11\/2024\/02\/13_74.jpg\"><span class=\"clic-image\"><br \/>Cr\u00e9dit photo Thomas Crabot<\/span><\/div>\n<div align=\"center\"><img decoding=\"async\"  class=\"photoCourse\" src=\"https:\/\/sergegirard.com\/5continents-eurasie\/wp-content\/uploads\/sites\/11\/2024\/02\/13_75.jpg\"><span class=\"clic-image\"><br \/>Cr\u00e9dit photo Thomas Crabot<\/span><\/div>\n<div align=\"center\"><img decoding=\"async\"  class=\"photoCourse\" src=\"https:\/\/sergegirard.com\/5continents-eurasie\/wp-content\/uploads\/sites\/11\/2024\/02\/13_76.jpg\"><span class=\"clic-image\"><br \/>Cr\u00e9dit photo Thomas Crabot<\/span><\/div>\n<div align=\"center\"><img decoding=\"async\"  class=\"photoCourse\" src=\"https:\/\/sergegirard.com\/5continents-eurasie\/wp-content\/uploads\/sites\/11\/2024\/02\/13_77.jpg\"><span class=\"clic-image\"><br \/>S\u00e9paration de nos visiteurs aux cols du Donon<\/span><\/div>\n<div align=\"center\"><img decoding=\"async\"  class=\"photoCourse\" src=\"https:\/\/sergegirard.com\/5continents-eurasie\/wp-content\/uploads\/sites\/11\/2024\/02\/13_78.jpg\"><span class=\"clic-image\"><br \/>Accueil \u00e0 Raon-l&rsquo;Etape<\/span><\/div>\n<div align=\"center\"><img decoding=\"async\"  class=\"photoCourse\" src=\"https:\/\/sergegirard.com\/5continents-eurasie\/wp-content\/uploads\/sites\/11\/2024\/02\/13_79.jpg\"><span class=\"clic-image\"><br \/>Daniel et Arlette<\/span><\/div>\n<\/div>\n<h4 class=\"h4-1\">J13 &#8211; 73.1Km<\/h4>\n<h5 class=\"h5-2\">Vendredi 30 D\u00e9cembre<br \/>SAULXURES-LES-BULGNEVILLE &#8211; MOYEMONT<br \/>73.1km &#8211; 10H13 <\/h5>\n<div id=\"descin\">\n<p style=\"margin-bottom: 0cm;\">Etape enti\u00e8rement vosgienne.<\/p>\n<p style=\"margin-bottom: 0cm;\">Apr\u00e8s un petit-d\u00e9jeuner pris au chaud \u00e0 9 personnes, Jean-Yves a conduit Serge au d\u00e9part. Il est 8H00 et nous avons -14\u00b0C&nbsp;. Serge est accompagn\u00e9 par David qui a fait le d\u00e9placement de Thionville, avec son \u00e9pouse comme suiveuse, pour accompagner Serge un bout de chemin (41km). Serge ressemble \u00e0 un coureur \u00ab&nbsp;givr\u00e9&nbsp;\u00bb (voir les photos du jour). A 10H30, pour la troisi\u00e8me fois depuis le d\u00e9but, Serge rallonge son \u00e9tape dans la ville de  Vittel&nbsp;: + 3km et 30 minutes de perdues avant que nous le remettions sur le droit chemin \u2013 c\u2019est fort car nous \u00e9tions 4 v\u00e9hicules\u2026tous pris dans des endroits diff\u00e9rents de la ville, il s\u2019agit juste d\u2019un petit d\u00e9faut de coordination. D\u00e9sol\u00e9 Serge&nbsp;!<\/p>\n<p style=\"margin-bottom: 0cm;\">St\u00e9phanie a prodigu\u00e9 hier un soin et un massage r\u00e9flexe aux pieds de Serge (St\u00e9phanie est p\u00e9dicure \u00e0 Rennes) quel plaisir pour notre coureur. L\u2019\u00e9tat des lieux semble satisfaisant, les pieds ne sont pas en mauvais \u00e9tat, les ongles sont un peu mal en point&nbsp;: h\u00e9matomes et l\u00e9g\u00e8re inflammation.<\/p>\n<p style=\"margin-bottom: 0cm;\">A 11H30, au col du poirier (433m)&nbsp;: Brigitte, St\u00e9phanie, Jean-Yves et Thomas repartent vers l\u2019ouest, chez eux. La neige semble tomber \u00e0 foison, bonne route \u00e0 eux. Quant \u00e0 nous c\u2019est un grand soleil qui a dur\u00e9 jusqu\u2019 \u00e0 Dompaire, il est 13H30 et Serge a parcouru 41km.  <\/p>\n<p style=\"margin-bottom: 0cm;\">Eric, qui habite Nomexy, est venu \u00e0 la rencontre de Serge pour faire une partie d\u2019\u00e9tape. David lui c\u00e8de la place et comme il le souligne : courir avec ce froid  n\u2019est pas \u00e9videmment pour les muscles.<\/p>\n<p style=\"margin-bottom: 0cm;\">Serge passera les 1000 premiers kilom\u00e8tres demain samedi. Comme il aime \u00e0 le dire&nbsp;: \u00ab&nbsp;ce sera 19 tranches de 1000, la route est encore longue mais nous sommes sereins, nous adaptant au jour le jour.&nbsp;\u00bb<\/p>\n<p style=\"margin-bottom: 0cm;\">Serge rejoint en voiture la ville de Raon-l\u2019Etape . Contact\u00e9e de longue date, cette commune nous a mis \u00e0 disposition le gymnase pour manger, dormir et se laver. Une petite r\u00e9ception \u00e9tait organis\u00e9e \u00e0 l\u2019initiative de Jean-Claude, boulanger de son \u00e9tat. M. Dautrey, adjoint au sport \u00e9tait pr\u00e9sent pour accueillir Serge.<\/p>\n<p style=\"margin-bottom: 0cm;\">Ce soir, il neige \u00e0 gros flocons et Serge passe le massif des Vosges demain avec le passage du col du Donon.<\/p>\n<p style=\"margin-bottom: 0cm;\">Comme chaque fin de semaine vous retrouverez la course et ses comptes-rendus lundi prochain.<\/p>\n<p style=\"margin-bottom: 0cm;\"><\/p>\n<\/p><\/div>\n<\/p><\/div>\n<p>        <br class=\"clear\">      <\/div>\n<p id=\"closingbar\">L&rsquo;INCROYABLE D\u00c9FI DE SERGE GIRARD<\/p>\n<\/p><\/div>\n<\/div>\n","protected":false},"excerpt":{"rendered":"<p>Cr\u00e9dit photo Thomas Crabot Cr\u00e9dit photo Thomas Crabot Cr\u00e9dit photo Thomas Crabot S\u00e9paration de nos visiteurs aux cols du Donon Accueil \u00e0 Raon-l&rsquo;Etape Daniel et Arlette J13 &#8211; 73.1Km Vendredi 30 D\u00e9cembreSAULXURES-LES-BULGNEVILLE &#8211; MOYEMONT73.1km &#8211; 10H13 Etape enti\u00e8rement vosgienne. Apr\u00e8s un petit-d\u00e9jeuner pris au chaud \u00e0 9 personnes, Jean-Yves a conduit Serge au d\u00e9part. Il [&hellip;]<\/p>\n","protected":false},"author":1,"featured_media":0,"comment_status":"open","ping_status":"open","sticky":false,"template":"","format":"standard","meta":{"_et_pb_use_builder":"","_et_pb_old_content":"","_et_gb_content_width":"","footnotes":""},"categories":[1],"tags":[],"class_list":["post-2099","post","type-post","status-publish","format-standard","hentry","category-non-classe"],"_links":{"self":[{"href":"https:\/\/sergegirard.com\/5continents-eurasie\/wp-json\/wp\/v2\/posts\/2099","targetHints":{"allow":["GET"]}}],"collection":[{"href":"https:\/\/sergegirard.com\/5continents-eurasie\/wp-json\/wp\/v2\/posts"}],"about":[{"href":"https:\/\/sergegirard.com\/5continents-eurasie\/wp-json\/wp\/v2\/types\/post"}],"author":[{"embeddable":true,"href":"https:\/\/sergegirard.com\/5continents-eurasie\/wp-json\/wp\/v2\/users\/1"}],"replies":[{"embeddable":true,"href":"https:\/\/sergegirard.com\/5continents-eurasie\/wp-json\/wp\/v2\/comments?post=2099"}],"version-history":[{"count":0,"href":"https:\/\/sergegirard.com\/5continents-eurasie\/wp-json\/wp\/v2\/posts\/2099\/revisions"}],"wp:attachment":[{"href":"https:\/\/sergegirard.com\/5continents-eurasie\/wp-json\/wp\/v2\/media?parent=2099"}],"wp:term":[{"taxonomy":"category","embeddable":true,"href":"https:\/\/sergegirard.com\/5continents-eurasie\/wp-json\/wp\/v2\/categories?post=2099"},{"taxonomy":"post_tag","embeddable":true,"href":"https:\/\/sergegirard.com\/5continents-eurasie\/wp-json\/wp\/v2\/tags?post=2099"}],"curies":[{"name":"wp","href":"https:\/\/api.w.org\/{rel}","templated":true}]}}