{"id":2118,"date":"2006-05-13T00:00:00","date_gmt":"2006-05-12T22:00:00","guid":{"rendered":"https:\/\/sergegirard.com\/5continents-eurasie\/2006\/05\/13\/j147-5-13-2006\/"},"modified":"2006-05-13T00:00:00","modified_gmt":"2006-05-12T22:00:00","slug":"j147-5-13-2006","status":"publish","type":"post","link":"https:\/\/sergegirard.com\/5continents-eurasie\/2006\/05\/13\/j147-5-13-2006\/","title":{"rendered":"J147 &#8211; 5\/13\/2006"},"content":{"rendered":"<div class=\"galPhoto\">\n<div align=\"center\"><img decoding=\"async\" class=\"photoCourse\" src=\"https:\/\/sergegirard.com\/5continents-eurasie\/wp-content\/uploads\/sites\/11\/2024\/02\/147_1303.jpg\"><span class=\"clic-image\"><br \/>Laure accompagne Serge&#8230;                                        Photo Thomas BREGARDIS<\/span><\/div>\n<div align=\"center\"><img decoding=\"async\"  class=\"photoCourse\" src=\"https:\/\/sergegirard.com\/5continents-eurasie\/wp-content\/uploads\/sites\/11\/2024\/02\/147_1304.jpg\"><span class=\"clic-image\"><br \/>Vous reprendrez bien un peu de d\u00e9sert                      Photo Thomas BREGARDIS<\/span><\/div>\n<div align=\"center\"><img decoding=\"async\"  class=\"photoCourse\" src=\"https:\/\/sergegirard.com\/5continents-eurasie\/wp-content\/uploads\/sites\/11\/2024\/02\/147_1305.jpg\"><span class=\"clic-image\"><br \/>Sur l&rsquo;autoroute menant a KORLA                              Photo Thomas BREGARDIS<\/span><\/div>\n<div align=\"center\"><img decoding=\"async\"  class=\"photoCourse\" src=\"https:\/\/sergegirard.com\/5continents-eurasie\/wp-content\/uploads\/sites\/11\/2024\/02\/147_1306.jpg\"><span class=\"clic-image\"><br \/>Devant une pagode&#8230;                                                  Photo Thomas BREGARDIS<\/span><\/div>\n<div align=\"center\"><img decoding=\"async\"  class=\"photoCourse\" src=\"https:\/\/sergegirard.com\/5continents-eurasie\/wp-content\/uploads\/sites\/11\/2024\/02\/147_1307.jpg\"><span class=\"clic-image\"><br \/>mont\u00e9.                                                                    Photo Thomas BREGARDIS<\/span><\/div>\n<div align=\"center\"><img decoding=\"async\"  class=\"photoCourse\" src=\"https:\/\/sergegirard.com\/5continents-eurasie\/wp-content\/uploads\/sites\/11\/2024\/02\/147_1308.jpg\"><span class=\"clic-image\"><br \/>descente.                                                                    Photo Thomas BREGARDIS<\/span><\/div>\n<div align=\"center\"><img decoding=\"async\"  class=\"photoCourse\" src=\"https:\/\/sergegirard.com\/5continents-eurasie\/wp-content\/uploads\/sites\/11\/2024\/02\/147_1309.jpg\"><span class=\"clic-image\"><br \/>P\u00e9riph\u00e9rie de KORLA&#8230;                                              Photo Thomas BREGARDIS<\/span><\/div>\n<div align=\"center\"><img decoding=\"async\"  class=\"photoCourse\" src=\"https:\/\/sergegirard.com\/5continents-eurasie\/wp-content\/uploads\/sites\/11\/2024\/02\/147_1310.jpg\"><span class=\"clic-image\"><br \/>Photo Thomas BREGARDIS<\/span><\/div>\n<\/div>\n<h4 class=\"h4-1\">J147 &#8211; 75.3Km<\/h4>\n<h5 class=\"h5-2\">SAMEDI 13 MAI<br \/>N41 53.398 E85 37.211 (943m) &#8211; N41 53.094 E86 21.241 (1040m &#8211; 22km apr\u00e8s Korla)<br \/>75,3km &#8211; 10H16 <\/h5>\n<div id=\"descin\">\n<p style=\"margin-bottom: 0cm;\">Toujours et encore le d\u00e9sert, toujours et encore du vent (favorable). Serge trottine \u00e0 petites foul\u00e9es rasantes, si rasantes qu\u2019au kilom\u00e8tre 40, c\u2019est la chute&nbsp;: le genou \u00e9corch\u00e9 et un choc sur une c\u00f4te au niveau du cardio qui l\u2019emp\u00eache de respirer normalement et lui provoque une pointe jusque dans le dos. Sur chaque travers\u00e9e, Serge fait une chute. Esp\u00e9rons que ce sera la seule&nbsp;!   <\/p>\n<p style=\"margin-bottom: 0cm;\">Nous contournons la ville de Korla jusqu\u2019\u00e0 un col de 1200m avant de redescendre un peu en direction de Yanqi, toujours sur la nationale 314.  <\/p>\n<p style=\"margin-bottom: 0cm;\">La monotonie du paysage rend l\u2019\u00e9quipe un peu molle et d\u00e9sabus\u00e9e et nous subissons la longueur des journ\u00e9es. Le paysage nous donne une impression de d\u00e9j\u00e0 vu comme si c\u2019\u00e9tait toujours le m\u00eame endroit qui d\u00e9filait sans cesse. Une extr\u00eame langueur nous envahit. Serge lui ne se lasse pas d\u2019avaler les kilom\u00e8tres&nbsp;: Comment fait-il&nbsp;? Sa motivation m\u2019\u00e9tonne surtout apr\u00e8s 5 mois de course quotidienne.  <\/p>\n<p style=\"margin-bottom: 0cm;\">Ce soir, le Sergio est fatigu\u00e9. Sa douleur costale est difficile \u00e0 supporter lorsqu\u2019il tousse ou qu\u2019il change de position, cela lui provoque comme un coup de poignard dans le dos. La position est difficile \u00e0 trouver dans le lit et le sommeil arrivera bien tardivement.  <\/p>\n<p style=\"margin-bottom: 0cm;\">Pour r\u00e9pondre \u00e0 une question pos\u00e9e de fa\u00e7on r\u00e9currente, Serge change de chaussures toutes les 2 semaines environ soit tous les 1000km. Actuellement, c\u2019est la dixi\u00e8me paire qu\u2019il porte. Serge n\u2019aime pas le changement et use ses running jusqu\u2019\u00e0 la trame.  <\/p>\n<\/p><\/div>\n<\/p><\/div>\n<p>        <br class=\"clear\">      <\/div>\n<p id=\"closingbar\">L&rsquo;INCROYABLE D\u00c9FI DE SERGE GIRARD<\/p>\n<\/p><\/div>\n<\/div>\n","protected":false},"excerpt":{"rendered":"<p>Laure accompagne Serge&#8230; Photo Thomas BREGARDIS Vous reprendrez bien un peu de d\u00e9sert Photo Thomas BREGARDIS Sur l&rsquo;autoroute menant a KORLA Photo Thomas BREGARDIS Devant une pagode&#8230; Photo Thomas BREGARDIS mont\u00e9. Photo Thomas BREGARDIS descente. Photo Thomas BREGARDIS P\u00e9riph\u00e9rie de KORLA&#8230; Photo Thomas BREGARDIS Photo Thomas BREGARDIS J147 &#8211; 75.3Km SAMEDI 13 MAIN41 53.398 E85 [&hellip;]<\/p>\n","protected":false},"author":1,"featured_media":0,"comment_status":"open","ping_status":"open","sticky":false,"template":"","format":"standard","meta":{"_et_pb_use_builder":"","_et_pb_old_content":"","_et_gb_content_width":"","footnotes":""},"categories":[1],"tags":[],"class_list":["post-2118","post","type-post","status-publish","format-standard","hentry","category-non-classe"],"_links":{"self":[{"href":"https:\/\/sergegirard.com\/5continents-eurasie\/wp-json\/wp\/v2\/posts\/2118","targetHints":{"allow":["GET"]}}],"collection":[{"href":"https:\/\/sergegirard.com\/5continents-eurasie\/wp-json\/wp\/v2\/posts"}],"about":[{"href":"https:\/\/sergegirard.com\/5continents-eurasie\/wp-json\/wp\/v2\/types\/post"}],"author":[{"embeddable":true,"href":"https:\/\/sergegirard.com\/5continents-eurasie\/wp-json\/wp\/v2\/users\/1"}],"replies":[{"embeddable":true,"href":"https:\/\/sergegirard.com\/5continents-eurasie\/wp-json\/wp\/v2\/comments?post=2118"}],"version-history":[{"count":0,"href":"https:\/\/sergegirard.com\/5continents-eurasie\/wp-json\/wp\/v2\/posts\/2118\/revisions"}],"wp:attachment":[{"href":"https:\/\/sergegirard.com\/5continents-eurasie\/wp-json\/wp\/v2\/media?parent=2118"}],"wp:term":[{"taxonomy":"category","embeddable":true,"href":"https:\/\/sergegirard.com\/5continents-eurasie\/wp-json\/wp\/v2\/categories?post=2118"},{"taxonomy":"post_tag","embeddable":true,"href":"https:\/\/sergegirard.com\/5continents-eurasie\/wp-json\/wp\/v2\/tags?post=2118"}],"curies":[{"name":"wp","href":"https:\/\/api.w.org\/{rel}","templated":true}]}}