{"id":2122,"date":"2006-05-16T00:00:00","date_gmt":"2006-05-15T22:00:00","guid":{"rendered":"https:\/\/sergegirard.com\/5continents-eurasie\/2006\/05\/16\/j150-5-16-2006\/"},"modified":"2006-05-16T00:00:00","modified_gmt":"2006-05-15T22:00:00","slug":"j150-5-16-2006","status":"publish","type":"post","link":"https:\/\/sergegirard.com\/5continents-eurasie\/2006\/05\/16\/j150-5-16-2006\/","title":{"rendered":"J150 &#8211; 5\/16\/2006"},"content":{"rendered":"<div class=\"galPhoto\">\n<div align=\"center\"><img decoding=\"async\" class=\"photoCourse\" src=\"https:\/\/sergegirard.com\/5continents-eurasie\/wp-content\/uploads\/sites\/11\/2024\/02\/150_1323.jpg\"><span class=\"clic-image\"><br \/>Une &quot;petite&quot; mont\u00e9 pour commencer&#8230;                  Photo Thomas BREGARDIS<\/span><\/div>\n<div align=\"center\"><img decoding=\"async\"  class=\"photoCourse\" src=\"https:\/\/sergegirard.com\/5continents-eurasie\/wp-content\/uploads\/sites\/11\/2024\/02\/150_1324.jpg\"><span class=\"clic-image\"><br \/>La tete des mauvais jours&#8230;                                      Photo Thomas BREGARDIS<\/span><\/div>\n<div align=\"center\"><img decoding=\"async\"  class=\"photoCourse\" src=\"https:\/\/sergegirard.com\/5continents-eurasie\/wp-content\/uploads\/sites\/11\/2024\/02\/150_1325.jpg\"><span class=\"clic-image\"><br \/>La tete des mauvais jours&#8230;                                      Photo Thomas BREGARDIS<\/span><\/div>\n<div align=\"center\"><img decoding=\"async\"  class=\"photoCourse\" src=\"https:\/\/sergegirard.com\/5continents-eurasie\/wp-content\/uploads\/sites\/11\/2024\/02\/150_1326.jpg\"><span class=\"clic-image\"><br \/>Photo Thomas BREGARDIS<\/span><\/div>\n<div align=\"center\"><img decoding=\"async\"  class=\"photoCourse\" src=\"https:\/\/sergegirard.com\/5continents-eurasie\/wp-content\/uploads\/sites\/11\/2024\/02\/150_1327.jpg\"><span class=\"clic-image\"><br \/>Paysage lunaire&#8230;                                                      Photo Thomas BREGARDIS<\/span><\/div>\n<div align=\"center\"><img decoding=\"async\"  class=\"photoCourse\" src=\"https:\/\/sergegirard.com\/5continents-eurasie\/wp-content\/uploads\/sites\/11\/2024\/02\/150_1328.jpg\"><span class=\"clic-image\"><br \/>Photo Thomas BREGARDIS<\/span><\/div>\n<div align=\"center\"><img decoding=\"async\"  class=\"photoCourse\" src=\"https:\/\/sergegirard.com\/5continents-eurasie\/wp-content\/uploads\/sites\/11\/2024\/02\/150_1329.jpg\"><span class=\"clic-image\"><br \/>Photo Thomas BREGARDIS<\/span><\/div>\n<div align=\"center\"><img decoding=\"async\"  class=\"photoCourse\" src=\"https:\/\/sergegirard.com\/5continents-eurasie\/wp-content\/uploads\/sites\/11\/2024\/02\/150_1330.jpg\"><span class=\"clic-image\"><br \/>Photo Thomas BREGARDIS<\/span><\/div>\n<div align=\"center\"><img decoding=\"async\"  class=\"photoCourse\" src=\"https:\/\/sergegirard.com\/5continents-eurasie\/wp-content\/uploads\/sites\/11\/2024\/02\/150_1331.jpg\"><span class=\"clic-image\"><br \/>Photo Thomas BREGARDIS<\/span><\/div>\n<div align=\"center\"><img decoding=\"async\"  class=\"photoCourse\" src=\"https:\/\/sergegirard.com\/5continents-eurasie\/wp-content\/uploads\/sites\/11\/2024\/02\/150_1332.jpg\"><span class=\"clic-image\"><br \/>Piste pour aller au campement&#8230;                            Photo Thomas BREGARDIS<\/span><\/div>\n<\/div>\n<h4 class=\"h4-1\">J150 &#8211; 74.7Km<\/h4>\n<h5 class=\"h5-2\">MARDI 16 MAI<br \/>N42 13.181 E87 49.946 (1490m &#8211; Yushugou) &#8211; N42 22.083 E88 33.892 (1703m)<br \/>74,7km &#8211; 10H38 <\/h5>\n<div id=\"descin\">\n<p style=\"margin-bottom: 0cm;\">150<sup>\u00e8me<\/sup> jour de course, les jours se succ\u00e8dent et se ressemblent\u2026<\/p>\n<p style=\"margin-bottom: 0cm;\">Depuis hier, la phrase de fin d&rsquo;\u00e9tape de Serge est : \u00ab&nbsp;vivement demain&nbsp;\u00bb.  <\/p>\n<p style=\"margin-bottom: 0cm;\">Vivement demain pour avoir moins mal, pour avoir moins chaud, pour comptabiliser un jour de plus et oui, encore un, Sergio.  <\/p>\n<p style=\"margin-bottom: 0cm;\">Serge ne regarde que ses pieds et \u00e0 partir de midi la chaleur est \u00e9crasante (41\u00b0C) sur la route. Serge se tord \u00e0 gauche \u00e0 droite. On a le sentiment qu\u2019il cherche un peu de confort dans son corps malmen\u00e9. Sa douleur costale, plut\u00f4t que de s\u2019att\u00e9nuer, semble de plus en plus forte. Il ne parle pas, gardant pour lui ses mis\u00e8res et malgr\u00e9 les 500 m\u00e8tres de d\u00e9nivel\u00e9 de la fin d\u2019\u00e9tape, il avance en trottinant, t\u00eate baiss\u00e9e. Serge ne l\u00e2che rien, il ne c\u00e8de rien au point o\u00f9 pour un \u0153il non habitu\u00e9, il serait facile de dire \u00e7a va, il avance. Un \u0153il avis\u00e9 va remarquer sa foul\u00e9e, l\u2019attitude de cette silhouette pli\u00e9e, le balanc\u00e9 des bras quasi inexistant, la t\u00eate dans le guidon, le faci\u00e8s ferm\u00e9, le front pliss\u00e9, le menton rentr\u00e9. Cette attitude qui caract\u00e9rise la course des mauvais jours, la douleur physique et la bataille entre le corps et l\u2019esprit.<\/p>\n<p style=\"margin-bottom: 0cm;\">La nouvelle nationale 314 sur cette portion est une 2&#215;2 voies. Le plus dr\u00f4le c\u2019est lorsque cette 2&#215;2 voies devient une voie \u00e0 double sens et que chacun roule comme bon lui semble, \u00e7a devient du n\u2019importe quoi et cette anarchie totale rend les arr\u00eats des v\u00e9hicules p\u00e9rilleux et dangereux. Au moins \u00e7a met un peu de piment et \u00e7a alimente les conversations. Le paysage toujours d\u00e9sertique a chang\u00e9 et nous \u00e9voluons maintenant dans un petit massif montagneux avant de rejoindre la d\u00e9pression de Turpan \u00e0 quelques 154m en dessous du niveau de la mer.<\/p>\n<\/p><\/div>\n<\/p><\/div>\n<p>        <br class=\"clear\">      <\/div>\n<p id=\"closingbar\">L&rsquo;INCROYABLE D\u00c9FI DE SERGE GIRARD<\/p>\n<\/p><\/div>\n<\/div>\n","protected":false},"excerpt":{"rendered":"<p>Une &quot;petite&quot; mont\u00e9 pour commencer&#8230; Photo Thomas BREGARDIS La tete des mauvais jours&#8230; Photo Thomas BREGARDIS La tete des mauvais jours&#8230; Photo Thomas BREGARDIS Photo Thomas BREGARDIS Paysage lunaire&#8230; Photo Thomas BREGARDIS Photo Thomas BREGARDIS Photo Thomas BREGARDIS Photo Thomas BREGARDIS Photo Thomas BREGARDIS Piste pour aller au campement&#8230; Photo Thomas BREGARDIS J150 &#8211; 74.7Km [&hellip;]<\/p>\n","protected":false},"author":1,"featured_media":0,"comment_status":"open","ping_status":"open","sticky":false,"template":"","format":"standard","meta":{"_et_pb_use_builder":"","_et_pb_old_content":"","_et_gb_content_width":"","footnotes":""},"categories":[1],"tags":[],"class_list":["post-2122","post","type-post","status-publish","format-standard","hentry","category-non-classe"],"_links":{"self":[{"href":"https:\/\/sergegirard.com\/5continents-eurasie\/wp-json\/wp\/v2\/posts\/2122","targetHints":{"allow":["GET"]}}],"collection":[{"href":"https:\/\/sergegirard.com\/5continents-eurasie\/wp-json\/wp\/v2\/posts"}],"about":[{"href":"https:\/\/sergegirard.com\/5continents-eurasie\/wp-json\/wp\/v2\/types\/post"}],"author":[{"embeddable":true,"href":"https:\/\/sergegirard.com\/5continents-eurasie\/wp-json\/wp\/v2\/users\/1"}],"replies":[{"embeddable":true,"href":"https:\/\/sergegirard.com\/5continents-eurasie\/wp-json\/wp\/v2\/comments?post=2122"}],"version-history":[{"count":0,"href":"https:\/\/sergegirard.com\/5continents-eurasie\/wp-json\/wp\/v2\/posts\/2122\/revisions"}],"wp:attachment":[{"href":"https:\/\/sergegirard.com\/5continents-eurasie\/wp-json\/wp\/v2\/media?parent=2122"}],"wp:term":[{"taxonomy":"category","embeddable":true,"href":"https:\/\/sergegirard.com\/5continents-eurasie\/wp-json\/wp\/v2\/categories?post=2122"},{"taxonomy":"post_tag","embeddable":true,"href":"https:\/\/sergegirard.com\/5continents-eurasie\/wp-json\/wp\/v2\/tags?post=2122"}],"curies":[{"name":"wp","href":"https:\/\/api.w.org\/{rel}","templated":true}]}}