{"id":2124,"date":"2006-05-18T00:00:00","date_gmt":"2006-05-17T22:00:00","guid":{"rendered":"https:\/\/sergegirard.com\/5continents-eurasie\/2006\/05\/18\/j152-5-18-2006\/"},"modified":"2006-05-18T00:00:00","modified_gmt":"2006-05-17T22:00:00","slug":"j152-5-18-2006","status":"publish","type":"post","link":"https:\/\/sergegirard.com\/5continents-eurasie\/2006\/05\/18\/j152-5-18-2006\/","title":{"rendered":"J152 &#8211; 5\/18\/2006"},"content":{"rendered":"<div class=\"galPhoto\">\n<div align=\"center\"><img decoding=\"async\" class=\"photoCourse\" src=\"https:\/\/sergegirard.com\/5continents-eurasie\/wp-content\/uploads\/sites\/11\/2024\/02\/152_1342.jpg\"><span class=\"clic-image\"><br \/>Une journ\u00e9 vent\u00e9 attend Serge.                              Photo Thomas BREGARDIS<\/span><\/div>\n<div align=\"center\"><img decoding=\"async\"  class=\"photoCourse\" src=\"https:\/\/sergegirard.com\/5continents-eurasie\/wp-content\/uploads\/sites\/11\/2024\/02\/152_1343.jpg\"><span class=\"clic-image\"><br \/>Voir m\u00eame tr\u00e8s vent\u00e9!                                               Photo Thomas BREGARDIS<\/span><\/div>\n<div align=\"center\"><img decoding=\"async\"  class=\"photoCourse\" src=\"https:\/\/sergegirard.com\/5continents-eurasie\/wp-content\/uploads\/sites\/11\/2024\/02\/152_1344.jpg\"><span class=\"clic-image\"><br \/>Au d\u00e9but un peu de course \u00e0 pied&#8230;                              Photo Thomas BREGARDIS<\/span><\/div>\n<div align=\"center\"><img decoding=\"async\"  class=\"photoCourse\" src=\"https:\/\/sergegirard.com\/5continents-eurasie\/wp-content\/uploads\/sites\/11\/2024\/02\/152_1345.jpg\"><span class=\"clic-image\"><br \/>Puis finalement&#8230;                                                          Photo Thomas BREGARDIS<\/span><\/div>\n<div align=\"center\"><img decoding=\"async\"  class=\"photoCourse\" src=\"https:\/\/sergegirard.com\/5continents-eurasie\/wp-content\/uploads\/sites\/11\/2024\/02\/152_1346.jpg\"><span class=\"clic-image\"><br \/>La marche au pas est recommand\u00e9.                         Photo Thomas BREGARDIS<\/span><\/div>\n<div align=\"center\"><img decoding=\"async\"  class=\"photoCourse\" src=\"https:\/\/sergegirard.com\/5continents-eurasie\/wp-content\/uploads\/sites\/11\/2024\/02\/152_1347.jpg\"><span class=\"clic-image\"><br \/>Sortie de piste.                                                          Photo Thomas BREGARDIS<\/span><\/div>\n<div align=\"center\"><img decoding=\"async\"  class=\"photoCourse\" src=\"https:\/\/sergegirard.com\/5continents-eurasie\/wp-content\/uploads\/sites\/11\/2024\/02\/152_1348.jpg\"><span class=\"clic-image\"><br \/>Derri\u00e8re&#8230;. une temp\u00eate de sable&#8230;                               Photo Thomas BREGARDIS<\/span><\/div>\n<div align=\"center\"><img decoding=\"async\"  class=\"photoCourse\" src=\"https:\/\/sergegirard.com\/5continents-eurasie\/wp-content\/uploads\/sites\/11\/2024\/02\/152_1349.jpg\"><span class=\"clic-image\"><br \/>Test de la ligne blanche&#8230;                                           Photo Thomas BREGARDIS<\/span><\/div>\n<div align=\"center\"><img decoding=\"async\"  class=\"photoCourse\" src=\"https:\/\/sergegirard.com\/5continents-eurasie\/wp-content\/uploads\/sites\/11\/2024\/02\/152_1350.jpg\"><span class=\"clic-image\"><br \/>&#8230; N\u00e9gatif!                                                                    Photo Thomas BREGARDIS<\/span><\/div>\n<div align=\"center\"><img decoding=\"async\"  class=\"photoCourse\" src=\"https:\/\/sergegirard.com\/5continents-eurasie\/wp-content\/uploads\/sites\/11\/2024\/02\/152_1351.jpg\"><span class=\"clic-image\"><br \/>Paysage vent\u00e9.                                                          Photo Thomas BREGARDIS<\/span><\/div>\n<div align=\"center\"><img decoding=\"async\"  class=\"photoCourse\" src=\"https:\/\/sergegirard.com\/5continents-eurasie\/wp-content\/uploads\/sites\/11\/2024\/02\/152_1352.jpg\"><span class=\"clic-image\"><br \/>Le foulard pour ne pas avaler de sable.                     Photo Thomas BREGARDIS<\/span><\/div>\n<div align=\"center\"><img decoding=\"async\"  class=\"photoCourse\" src=\"https:\/\/sergegirard.com\/5continents-eurasie\/wp-content\/uploads\/sites\/11\/2024\/02\/152_1353.jpg\"><span class=\"clic-image\"><br \/>5,8km\/h de moyenne sur la journ\u00e9.                           Photo Thomas BREGARDIS<\/span><\/div>\n<div align=\"center\"><img decoding=\"async\"  class=\"photoCourse\" src=\"https:\/\/sergegirard.com\/5continents-eurasie\/wp-content\/uploads\/sites\/11\/2024\/02\/152_1354.jpg\"><span class=\"clic-image\"><br \/>La bascule de vent est proche.                                 Photo Thomas BREGARDIS<\/span><\/div>\n<div align=\"center\"><img decoding=\"async\"  class=\"photoCourse\" src=\"https:\/\/sergegirard.com\/5continents-eurasie\/wp-content\/uploads\/sites\/11\/2024\/02\/152_1355.jpg\"><span class=\"clic-image\"><br \/>\u00c0 15 borne de la fin d&rsquo;\u00e9tape.                                    Photo Thomas BREGARDIS<\/span><\/div>\n<div align=\"center\"><img decoding=\"async\"  class=\"photoCourse\" src=\"https:\/\/sergegirard.com\/5continents-eurasie\/wp-content\/uploads\/sites\/11\/2024\/02\/152_1356.jpg\"><span class=\"clic-image\"><br \/>Regard perdu&#8230;                                                            Photo Thomas BREGARDIS<\/span><\/div>\n<\/div>\n<h4 class=\"h4-1\">J152 &#8211; 62.1Km<\/h4>\n<h5 class=\"h5-2\">JEUDI 18 MAI<br \/>N42 52.028 E88 36.531 (35m &#8211; 8km apr\u00e8s Toksun) &#8211; N42 58.484 E89 10.821 (64 &#8211; Turpan)<br \/>62,1km &#8211; 10H47 <\/h5>\n<div id=\"descin\">\n<p style=\"margin-bottom: 0cm;\">Du vent \u00e0 nous rendre fou \u2013 une chute qui fait mal \u2013 jour anniversaire&nbsp;: 5 mois d\u00e9j\u00e0.<\/p>\n<p style=\"margin-bottom: 0cm;\">La Chine est un grand chantier, entendez par l\u00e0 que la Chine d\u00e9veloppe d\u2019ann\u00e9e en ann\u00e9e ses infrastructures routi\u00e8res et les villes sont parsem\u00e9es de grues et b\u00e2timents neufs. D\u2019une ann\u00e9e sur l\u2019autre, il est difficile d\u2019avoir des rep\u00e8res fiables. Ce f\u00fbt le cas pour nous \u00e0 la sortie de Toksun : l\u2019ancienne nationale 314 a \u00e9t\u00e9 laiss\u00e9e \u00e0 l\u2019abandon pour la nouvelle route qui contourne Toksun. Nous rejoindrons la nationale 312 par la route 301.  <\/p>\n<p style=\"margin-bottom: 0cm;\">A 7H00 lors du petit-d\u00e9jeuner, nous remarquons par la vitre qu\u2019il y a du vent. Nous n\u2019imaginions pas \u00e0 quel point ce vent \u00e9tait d\u2019une violence redoutable, soufflant par bourrasques.  <\/p>\n<p style=\"margin-bottom: 0cm;\">8H00, le d\u00e9part&nbsp;: Serge marche ou plut\u00f4t lutte contre le vent en essayant d\u2019avancer. Nous avons estim\u00e9 \u00e0 + de 100km\/h ces rafales qui ne nous permettent pas de rester debout immobile. M\u00eame la marche rel\u00e8ve d\u2019une mission impossible. Place \u00e0 l\u2019acrobatie &#8211; C\u2019est du d\u00e9lire&nbsp;! A 3km\/h, Serge courb\u00e9 progresse s\u2019arr\u00eatant lors du passage des v\u00e9hicules, parfois il fait m\u00eame 2-3 pas en arri\u00e8re&nbsp;: le vent est plus fort que lui. Le camping-car tangue tant est plus, nous ne sommes qu\u2019\u00e0 moiti\u00e9 rassur\u00e9s, il ne manquerait plus qu\u2019il se renverse.  <\/p>\n<p style=\"margin-bottom: 0cm;\">Au 26<sup>\u00e8me<\/sup> kilom\u00e8tre et environ 6H00 plus tard nous retrouvons une direction plein est sur la nationale 312 et le vent devient favorable. Serge est litt\u00e9ralement pouss\u00e9 vers l\u2019avant et marque une pointe de vitesse \u00e0 11km\/h. Il prend quelques minutes pour discuter avec un anglais parti de Londres sur son v\u00e9lo, il y a 2 ans et qui se dirige vers le Kazakhztan.<\/p>\n<p style=\"margin-bottom: 0cm;\">Serge repart sur la 312, belle 2&#215;2 voies o\u00f9 il n\u2019y a pas de bande d\u2019arr\u00eat d\u2019urgence ni de zone de d\u00e9gagement et il partage le bitume avec les v\u00e9hicules&nbsp;: limite dangereux mais il n\u2019a pas le choix. Un camion passe se faisant doubler par une voiture il ne peut pas se d\u00e9gager et Serge est happ\u00e9 par le souffle d\u2019air. Il r\u00e9agit en se pr\u00e9cipitant sur la droite et d\u00e9vale le talus qui borde toute les nouvelles routes afin de permettre l\u2019\u00e9coulement des eaux. Le temps de crier et de se retrouver par terre, c\u2019est la chute. Plus violente que celle de samedi dernier, Serge est terrass\u00e9 par la douleur. Le m\u00eame genou droit est entaill\u00e9 et cette fois le pourtour de la rotule est enfl\u00e9, l\u2019\u00e9paule est toute \u00e9rafl\u00e9e du c\u00f4t\u00e9 gauche et le point n\u00e9vralgique de la c\u00f4te est intouchable \u00e0 gauche. Serge a les larmes aux yeux et comble de malchance, le vent tourne moins violent certes, il l\u2019a quand m\u00eame dans le nez. <\/p>\n<p style=\"margin-bottom: 0cm;\">Une fin d\u2019\u00e9tape des plus p\u00e9nibles qui nous m\u00e8nera \u00e0 Turpan&nbsp;: ville r\u00e9put\u00e9e pour ses temp\u00e9ratures extr\u00eames et ses vents violents. Nous ne sommes pas d\u00e9\u00e7us!    <\/p>\n<\/p><\/div>\n<\/p><\/div>\n<p>        <br class=\"clear\">      <\/div>\n<p id=\"closingbar\">L&rsquo;INCROYABLE D\u00c9FI DE SERGE GIRARD<\/p>\n<\/p><\/div>\n<\/div>\n","protected":false},"excerpt":{"rendered":"<p>Une journ\u00e9 vent\u00e9 attend Serge. Photo Thomas BREGARDIS Voir m\u00eame tr\u00e8s vent\u00e9! Photo Thomas BREGARDIS Au d\u00e9but un peu de course \u00e0 pied&#8230; Photo Thomas BREGARDIS Puis finalement&#8230; Photo Thomas BREGARDIS La marche au pas est recommand\u00e9. Photo Thomas BREGARDIS Sortie de piste. Photo Thomas BREGARDIS Derri\u00e8re&#8230;. une temp\u00eate de sable&#8230; Photo Thomas BREGARDIS Test [&hellip;]<\/p>\n","protected":false},"author":1,"featured_media":0,"comment_status":"open","ping_status":"open","sticky":false,"template":"","format":"standard","meta":{"_et_pb_use_builder":"","_et_pb_old_content":"","_et_gb_content_width":"","footnotes":""},"categories":[1],"tags":[],"class_list":["post-2124","post","type-post","status-publish","format-standard","hentry","category-non-classe"],"_links":{"self":[{"href":"https:\/\/sergegirard.com\/5continents-eurasie\/wp-json\/wp\/v2\/posts\/2124","targetHints":{"allow":["GET"]}}],"collection":[{"href":"https:\/\/sergegirard.com\/5continents-eurasie\/wp-json\/wp\/v2\/posts"}],"about":[{"href":"https:\/\/sergegirard.com\/5continents-eurasie\/wp-json\/wp\/v2\/types\/post"}],"author":[{"embeddable":true,"href":"https:\/\/sergegirard.com\/5continents-eurasie\/wp-json\/wp\/v2\/users\/1"}],"replies":[{"embeddable":true,"href":"https:\/\/sergegirard.com\/5continents-eurasie\/wp-json\/wp\/v2\/comments?post=2124"}],"version-history":[{"count":0,"href":"https:\/\/sergegirard.com\/5continents-eurasie\/wp-json\/wp\/v2\/posts\/2124\/revisions"}],"wp:attachment":[{"href":"https:\/\/sergegirard.com\/5continents-eurasie\/wp-json\/wp\/v2\/media?parent=2124"}],"wp:term":[{"taxonomy":"category","embeddable":true,"href":"https:\/\/sergegirard.com\/5continents-eurasie\/wp-json\/wp\/v2\/categories?post=2124"},{"taxonomy":"post_tag","embeddable":true,"href":"https:\/\/sergegirard.com\/5continents-eurasie\/wp-json\/wp\/v2\/tags?post=2124"}],"curies":[{"name":"wp","href":"https:\/\/api.w.org\/{rel}","templated":true}]}}