{"id":2128,"date":"2006-05-22T00:00:00","date_gmt":"2006-05-21T22:00:00","guid":{"rendered":"https:\/\/sergegirard.com\/5continents-eurasie\/2006\/05\/22\/j156-5-22-2006\/"},"modified":"2006-05-22T00:00:00","modified_gmt":"2006-05-21T22:00:00","slug":"j156-5-22-2006","status":"publish","type":"post","link":"https:\/\/sergegirard.com\/5continents-eurasie\/2006\/05\/22\/j156-5-22-2006\/","title":{"rendered":"J156 &#8211; 5\/22\/2006"},"content":{"rendered":"<div class=\"galPhoto\">\n<div align=\"center\"><img decoding=\"async\" class=\"photoCourse\" src=\"https:\/\/sergegirard.com\/5continents-eurasie\/wp-content\/uploads\/sites\/11\/2024\/02\/156_1385.jpg\"><span class=\"clic-image\"><br \/>Une belle ligne droite pour commencer.                   Photo Thomas BREGARDIS<\/span><\/div>\n<div align=\"center\"><img decoding=\"async\"  class=\"photoCourse\" src=\"https:\/\/sergegirard.com\/5continents-eurasie\/wp-content\/uploads\/sites\/11\/2024\/02\/156_1386.jpg\"><span class=\"clic-image\"><br \/>Hors route&#8230;                                                               Photo Thomas BREGARDIS<\/span><\/div>\n<div align=\"center\"><img decoding=\"async\"  class=\"photoCourse\" src=\"https:\/\/sergegirard.com\/5continents-eurasie\/wp-content\/uploads\/sites\/11\/2024\/02\/156_1387.jpg\"><span class=\"clic-image\"><br \/>Serge se bagarre avec le vent&#8230;.                                Photo Thomas BREGARDIS<\/span><\/div>\n<div align=\"center\"><img decoding=\"async\"  class=\"photoCourse\" src=\"https:\/\/sergegirard.com\/5continents-eurasie\/wp-content\/uploads\/sites\/11\/2024\/02\/156_1388.jpg\"><span class=\"clic-image\"><br \/>Arr\u00eat momentan\u00e9.                                                  Photo Thomas BREGARDIS<\/span><\/div>\n<div align=\"center\"><img decoding=\"async\"  class=\"photoCourse\" src=\"https:\/\/sergegirard.com\/5continents-eurasie\/wp-content\/uploads\/sites\/11\/2024\/02\/156_1389.jpg\"><span class=\"clic-image\"><br \/>Piste chinoise.                                                    Photo Thomas BREGARDIS<\/span><\/div>\n<div align=\"center\"><img decoding=\"async\"  class=\"photoCourse\" src=\"https:\/\/sergegirard.com\/5continents-eurasie\/wp-content\/uploads\/sites\/11\/2024\/02\/156_1390.jpg\"><span class=\"clic-image\"><br \/>Route parall\u00e8le.                                                       Photo Thomas BREGARDIS<\/span><\/div>\n<div align=\"center\"><img decoding=\"async\"  class=\"photoCourse\" src=\"https:\/\/sergegirard.com\/5continents-eurasie\/wp-content\/uploads\/sites\/11\/2024\/02\/156_1391.jpg\"><span class=\"clic-image\"><br \/>Photo Thomas BREGARDIS<\/span><\/div>\n<div align=\"center\"><img decoding=\"async\"  class=\"photoCourse\" src=\"https:\/\/sergegirard.com\/5continents-eurasie\/wp-content\/uploads\/sites\/11\/2024\/02\/156_1392.jpg\"><span class=\"clic-image\"><br \/>Un point rouge a l&rsquo;horizon: Serge.                          Photo Thomas BREGARDIS<\/span><\/div>\n<div align=\"center\"><img decoding=\"async\"  class=\"photoCourse\" src=\"https:\/\/sergegirard.com\/5continents-eurasie\/wp-content\/uploads\/sites\/11\/2024\/02\/156_1393.jpg\"><span class=\"clic-image\"><br \/>Ludo prot\u00e8ge Serge du vent.                                   Photo Thomas BREGARDIS<\/span><\/div>\n<div align=\"center\"><img decoding=\"async\"  class=\"photoCourse\" src=\"https:\/\/sergegirard.com\/5continents-eurasie\/wp-content\/uploads\/sites\/11\/2024\/02\/156_1394.jpg\"><span class=\"clic-image\"><br \/>Le vent s\u00e9vit r\u00e9guli\u00e8rement ici.                             Photo Thomas BREGARDIS<\/span><\/div>\n<div align=\"center\"><img decoding=\"async\"  class=\"photoCourse\" src=\"https:\/\/sergegirard.com\/5continents-eurasie\/wp-content\/uploads\/sites\/11\/2024\/02\/156_1395.jpg\"><span class=\"clic-image\"><br \/>Le camping-car prot\u00e8ge Serge de l&rsquo;air d\u00e9plac\u00e9 par les poids lourds&#8230;                                                                                                               Photo Thomas BREGARDIS<\/span><\/div>\n<div align=\"center\"><img decoding=\"async\"  class=\"photoCourse\" src=\"https:\/\/sergegirard.com\/5continents-eurasie\/wp-content\/uploads\/sites\/11\/2024\/02\/156_1396.jpg\"><span class=\"clic-image\"><br \/>Des chameaux sur la route de la Soie&#8230;.                   Photo Thomas BREGARDIS<\/span><\/div>\n<\/div>\n<h4 class=\"h4-1\">J156 &#8211; 50.1Km<\/h4>\n<h5 class=\"h5-2\">LUNDI 22 MAI<br \/>N43 22.827 E91 34.868 (1045m) &#8211; N43 22.488 E92 08.833 (1614m)<br \/>50km &#8211; 9H04 <\/h5>\n<div id=\"descin\">\n<p style=\"margin-bottom: 0cm;\"><span lang=\"en-GB\">2 courses : 23,2km \u2013 4H23\u2019  et 26,9km \u2013 4H41\u2019.<\/span><\/p>\n<p style=\"margin-bottom: 0cm;\">Force 12 et baiss\u00e9 de rideau&nbsp;!<\/p>\n<p style=\"margin-bottom: 0cm;\">Il semblerait que vous nous ayez envoy\u00e9 la temp\u00eate de vent qui a s\u00e9vi ce week-end sur la France. Elle est arriv\u00e9e jusqu\u2019\u00e0 nous et l\u00e0 trop c\u2019est trop, le combat est perdu d\u2019avance.  <\/p>\n<p style=\"margin-bottom: 0cm;\">A midi, Serge jette l\u2019\u00e9ponge, stoppe son cardio et monte dans le camping-car. La journ\u00e9e semble termin\u00e9e pour lui, il est \u00e9puis\u00e9 physiquement et moralement. On va passer l\u2019apr\u00e8s-midi \u00e0 prier Eole de se calmer un peu et on verra demain. Nous prenons le d\u00e9jeuner dans le camping-car car il est impensable de manger dehors, ni d\u2019installer une tente. Serge s\u2019allonge, chacun fait la sieste ou discute. Ludo et Daniel sont d\u00e9rang\u00e9s des intestins et le vent nous abrutit. Au-del\u00e0 de sa pers\u00e9v\u00e9rance, Serge ne peut tout bonnement plus avancer. Quelle journ\u00e9e&nbsp;! Que faire&nbsp;?<\/p>\n<p style=\"margin-bottom: 0cm;\">A 15H00, Laure propose \u00e0 Serge de retourner \u00e0 la borne 3746 \u00e0 laquelle il s\u2019est arr\u00eat\u00e9 car de toute fa\u00e7on, il va falloir trouver un endroit pour camper. Bon gr\u00e9, mal gr\u00e9 Serge d\u00e9cide de rechausser ses runnings et prend un deuxi\u00e8me d\u00e9part sur une piste qui longe la route. Il parvient \u00e0 trottiner puis il retrouve le bas-c\u00f4t\u00e9 10 km plus loin, soit 2 heures apr\u00e8s&nbsp;; et l\u00e0 le stress reprend le dessus. La peur d\u2019\u00eatre aspir\u00e9 par un camion, la peur d\u2019\u00eatre projet\u00e9 dans le ravin par une grosse rafale (nous sommes en montagne, le profil est accident\u00e9, il n\u2019y a que peu de d\u00e9gagement et parfois la pente ravin\u00e9e est raide).  <\/p>\n<p style=\"margin-bottom: 0cm;\">Nous d\u00e9cidons de suivre Serge pour des raisons de s\u00e9curit\u00e9, les camions qui nous doublent passent plus loin de Serge et nous sommes l\u00e0 pr\u00eats \u00e0 r\u00e9agir en cas de danger ou si les choses devenaient trop dangereuses. Il faut avouer que c\u2019est limite, limite&nbsp;: Serge pi\u00e9tine, s\u2019arr\u00eate \u00e9carte les jambes et les bras pour essayer de se stabiliser lors de l\u2019attaque du vent. Tous ses muscles sont t\u00e9tanis\u00e9s, ce vent est glacial et vous glace le sang.  <\/p>\n<p style=\"margin-bottom: 0cm;\">Personne n\u2019a d\u2019id\u00e9e pour camper : il n&rsquo;y a aucun relief pour nous prot\u00e9ger. Daniel a l\u2019id\u00e9e de demander au poste de p\u00e9age, qui accepte de nous pr\u00eater un coin de leur parking au pied d\u2019un b\u00e2timent qui nous abrite un peu, nous permettant ainsi de monter les tentes. Nous profitons \u00e9galement de leur cantine pour manger au chaud. Ce sera un campement adapt\u00e9 aux vues de l\u2019heure tardive et des conditions m\u00e9t\u00e9orologiques.  <\/p>\n<p style=\"margin-bottom: 0cm;\">Serge&nbsp;: \u00ab&nbsp; Si je tombe et si je me casse, la course est finie, je n\u2019ai jamais eu aussi peur&nbsp;\u00bb.  <\/p>\n<\/p><\/div>\n<\/p><\/div>\n<p>        <br class=\"clear\">      <\/div>\n<p id=\"closingbar\">L&rsquo;INCROYABLE D\u00c9FI DE SERGE GIRARD<\/p>\n<\/p><\/div>\n<\/div>\n","protected":false},"excerpt":{"rendered":"<p>Une belle ligne droite pour commencer. Photo Thomas BREGARDIS Hors route&#8230; Photo Thomas BREGARDIS Serge se bagarre avec le vent&#8230;. Photo Thomas BREGARDIS Arr\u00eat momentan\u00e9. Photo Thomas BREGARDIS Piste chinoise. Photo Thomas BREGARDIS Route parall\u00e8le. Photo Thomas BREGARDIS Photo Thomas BREGARDIS Un point rouge a l&rsquo;horizon: Serge. Photo Thomas BREGARDIS Ludo prot\u00e8ge Serge du vent. [&hellip;]<\/p>\n","protected":false},"author":1,"featured_media":0,"comment_status":"open","ping_status":"open","sticky":false,"template":"","format":"standard","meta":{"_et_pb_use_builder":"","_et_pb_old_content":"","_et_gb_content_width":"","footnotes":""},"categories":[1],"tags":[],"class_list":["post-2128","post","type-post","status-publish","format-standard","hentry","category-non-classe"],"_links":{"self":[{"href":"https:\/\/sergegirard.com\/5continents-eurasie\/wp-json\/wp\/v2\/posts\/2128","targetHints":{"allow":["GET"]}}],"collection":[{"href":"https:\/\/sergegirard.com\/5continents-eurasie\/wp-json\/wp\/v2\/posts"}],"about":[{"href":"https:\/\/sergegirard.com\/5continents-eurasie\/wp-json\/wp\/v2\/types\/post"}],"author":[{"embeddable":true,"href":"https:\/\/sergegirard.com\/5continents-eurasie\/wp-json\/wp\/v2\/users\/1"}],"replies":[{"embeddable":true,"href":"https:\/\/sergegirard.com\/5continents-eurasie\/wp-json\/wp\/v2\/comments?post=2128"}],"version-history":[{"count":0,"href":"https:\/\/sergegirard.com\/5continents-eurasie\/wp-json\/wp\/v2\/posts\/2128\/revisions"}],"wp:attachment":[{"href":"https:\/\/sergegirard.com\/5continents-eurasie\/wp-json\/wp\/v2\/media?parent=2128"}],"wp:term":[{"taxonomy":"category","embeddable":true,"href":"https:\/\/sergegirard.com\/5continents-eurasie\/wp-json\/wp\/v2\/categories?post=2128"},{"taxonomy":"post_tag","embeddable":true,"href":"https:\/\/sergegirard.com\/5continents-eurasie\/wp-json\/wp\/v2\/tags?post=2128"}],"curies":[{"name":"wp","href":"https:\/\/api.w.org\/{rel}","templated":true}]}}