{"id":2143,"date":"2006-01-03T00:00:00","date_gmt":"2006-01-02T23:00:00","guid":{"rendered":"https:\/\/sergegirard.com\/5continents-eurasie\/2006\/01\/03\/j17-1-3-2006\/"},"modified":"2006-01-03T00:00:00","modified_gmt":"2006-01-02T23:00:00","slug":"j17-1-3-2006","status":"publish","type":"post","link":"https:\/\/sergegirard.com\/5continents-eurasie\/2006\/01\/03\/j17-1-3-2006\/","title":{"rendered":"J17 &#8211; 1\/3\/2006"},"content":{"rendered":"<div class=\"galPhoto\">\n<div align=\"center\"><img decoding=\"async\" class=\"photoCourse\" src=\"https:\/\/sergegirard.com\/5continents-eurasie\/wp-content\/uploads\/sites\/11\/2024\/02\/17_100.jpg\"><span class=\"clic-image\"><br \/><\/span><\/div>\n<div align=\"center\"><img decoding=\"async\"  class=\"photoCourse\" src=\"https:\/\/sergegirard.com\/5continents-eurasie\/wp-content\/uploads\/sites\/11\/2024\/02\/17_97.jpg\"><span class=\"clic-image\"><br \/><\/span><\/div>\n<div align=\"center\"><img decoding=\"async\"  class=\"photoCourse\" src=\"https:\/\/sergegirard.com\/5continents-eurasie\/wp-content\/uploads\/sites\/11\/2024\/02\/17_98.jpg\"><span class=\"clic-image\"><br \/><\/span><\/div>\n<div align=\"center\"><img decoding=\"async\"  class=\"photoCourse\" src=\"https:\/\/sergegirard.com\/5continents-eurasie\/wp-content\/uploads\/sites\/11\/2024\/02\/17_99.jpg\"><span class=\"clic-image\"><br \/><\/span><\/div>\n<\/div>\n<h4 class=\"h4-1\">J17 &#8211; 68.0Km<\/h4>\n<h5 class=\"h5-2\">MARDI 3 JANVIER<br \/>SCHRAMBERG &#8211; ALBSTADT<br \/>68km &#8211; 11H07 <\/h5>\n<div id=\"descin\">\n<p style=\"margin-bottom: 0cm;\">\u00ab&nbsp;Aujourd\u2019hui, j\u2019ai r\u00e9vis\u00e9 ma g\u00e9ographie en me rendant compte que la for\u00eat noire n\u2019est vraiment pas plate : J\u2019ai commenc\u00e9 par monter une c\u00f4te de 4 km que je ne voudrais m\u00eame pas descendre \u00e0 v\u00e9lo.<\/p>\n<p style=\"margin-bottom: 0cm;\">Les routes sont infernales et je perds un temps fou \u00e0 me rabattre sur les bas c\u00f4t\u00e9s, les pieds dans la neige. Malgr\u00e9 le fait que mon esprit commence \u00e0 prendre le dessus sur mon corps qui c\u00e8de peu \u00e0 peu \u00e0 l\u2019effort demand\u00e9, j\u2019ai eu terriblement froid les 3 derni\u00e8res heures et du m\u00eame coup j\u2019ai termin\u00e9 avec un bon mal de ventre. J\u2019ai eu du mal \u00e0 appr\u00e9cier le paysage avec cette neige, ce gr\u00e9sil et ce brouillard alors qu\u2019hier j\u2019ai \u00e9t\u00e9 envo\u00fbt\u00e9 au point de dire \u00e0 Laure que nous reviendrons passer des vacances dans ce coin. Finalement, tout cela est bien subjectif et d\u00e9pendant du temps, de ma  forme, de ma disposition \u00e0 profiter de ce qui m\u2019entoure.<\/p>\n<p style=\"margin-bottom: 0cm;\">J\u2019ai \u00e9galement \u00e9t\u00e9 fort stress\u00e9 par Laure qui au volant du camping-car se gare n\u2019importe comment et n\u2019importe o\u00f9 pour me guider. Les pauvres au volant&nbsp;, ils doivent la maudire.<\/p>\n<p style=\"margin-bottom: 0cm;\">Je suis heureux car demain j\u2019ai une visite d\u2019un ami bien particulier et je sens que je vais \u00eatre \u00e9mu. Bonne nuit.&nbsp;\u00bb Serge  <\/p>\n<\/p><\/div>\n<\/p><\/div>\n<p>        <br class=\"clear\">      <\/div>\n<p id=\"closingbar\">L&rsquo;INCROYABLE D\u00c9FI DE SERGE GIRARD<\/p>\n<\/p><\/div>\n<\/div>\n","protected":false},"excerpt":{"rendered":"<p>J17 &#8211; 68.0Km MARDI 3 JANVIERSCHRAMBERG &#8211; ALBSTADT68km &#8211; 11H07 \u00ab&nbsp;Aujourd\u2019hui, j\u2019ai r\u00e9vis\u00e9 ma g\u00e9ographie en me rendant compte que la for\u00eat noire n\u2019est vraiment pas plate : J\u2019ai commenc\u00e9 par monter une c\u00f4te de 4 km que je ne voudrais m\u00eame pas descendre \u00e0 v\u00e9lo. Les routes sont infernales et je perds un temps [&hellip;]<\/p>\n","protected":false},"author":1,"featured_media":0,"comment_status":"open","ping_status":"open","sticky":false,"template":"","format":"standard","meta":{"_et_pb_use_builder":"","_et_pb_old_content":"","_et_gb_content_width":"","footnotes":""},"categories":[1],"tags":[],"class_list":["post-2143","post","type-post","status-publish","format-standard","hentry","category-non-classe"],"_links":{"self":[{"href":"https:\/\/sergegirard.com\/5continents-eurasie\/wp-json\/wp\/v2\/posts\/2143","targetHints":{"allow":["GET"]}}],"collection":[{"href":"https:\/\/sergegirard.com\/5continents-eurasie\/wp-json\/wp\/v2\/posts"}],"about":[{"href":"https:\/\/sergegirard.com\/5continents-eurasie\/wp-json\/wp\/v2\/types\/post"}],"author":[{"embeddable":true,"href":"https:\/\/sergegirard.com\/5continents-eurasie\/wp-json\/wp\/v2\/users\/1"}],"replies":[{"embeddable":true,"href":"https:\/\/sergegirard.com\/5continents-eurasie\/wp-json\/wp\/v2\/comments?post=2143"}],"version-history":[{"count":0,"href":"https:\/\/sergegirard.com\/5continents-eurasie\/wp-json\/wp\/v2\/posts\/2143\/revisions"}],"wp:attachment":[{"href":"https:\/\/sergegirard.com\/5continents-eurasie\/wp-json\/wp\/v2\/media?parent=2143"}],"wp:term":[{"taxonomy":"category","embeddable":true,"href":"https:\/\/sergegirard.com\/5continents-eurasie\/wp-json\/wp\/v2\/categories?post=2143"},{"taxonomy":"post_tag","embeddable":true,"href":"https:\/\/sergegirard.com\/5continents-eurasie\/wp-json\/wp\/v2\/tags?post=2143"}],"curies":[{"name":"wp","href":"https:\/\/api.w.org\/{rel}","templated":true}]}}