{"id":2154,"date":"2006-01-04T00:00:00","date_gmt":"2006-01-03T23:00:00","guid":{"rendered":"https:\/\/sergegirard.com\/5continents-eurasie\/2006\/01\/04\/j18-1-4-2006\/"},"modified":"2006-01-04T00:00:00","modified_gmt":"2006-01-03T23:00:00","slug":"j18-1-4-2006","status":"publish","type":"post","link":"https:\/\/sergegirard.com\/5continents-eurasie\/2006\/01\/04\/j18-1-4-2006\/","title":{"rendered":"J18 &#8211; 1\/4\/2006"},"content":{"rendered":"<div class=\"galPhoto\">\n<div align=\"center\"><img decoding=\"async\" class=\"photoCourse\" src=\"https:\/\/sergegirard.com\/5continents-eurasie\/wp-content\/uploads\/sites\/11\/2024\/02\/18_101.jpg\"><span class=\"clic-image\"><br \/>Tr\u00e8s belle image sign\u00e9 Daniel<\/span><\/div>\n<div align=\"center\"><img decoding=\"async\"  class=\"photoCourse\" src=\"https:\/\/sergegirard.com\/5continents-eurasie\/wp-content\/uploads\/sites\/11\/2024\/02\/18_102.jpg\"><span class=\"clic-image\"><br \/>Comme au bon vieux temps<\/span><\/div>\n<div align=\"center\"><img decoding=\"async\"  class=\"photoCourse\" src=\"https:\/\/sergegirard.com\/5continents-eurasie\/wp-content\/uploads\/sites\/11\/2024\/02\/18_103.jpg\"><span class=\"clic-image\"><br \/>Rudi<\/span><\/div>\n<div align=\"center\"><img decoding=\"async\"  class=\"photoCourse\" src=\"https:\/\/sergegirard.com\/5continents-eurasie\/wp-content\/uploads\/sites\/11\/2024\/02\/18_104.jpg\"><span class=\"clic-image\"><br \/><\/span><\/div>\n<\/div>\n<h4 class=\"h4-1\">J18 &#8211; 71.3Km<\/h4>\n<h5 class=\"h5-2\">MERCREDI 4 JANVIER<br \/>ALBSTADT &#8211; SCHEMMERBERG (au sud de ULM)<br \/>71.3km &#8211; 9H51 <\/h5>\n<div id=\"descin\">\n<p style=\"margin-bottom: 0cm;\">Tout d\u2019abord un grand merci \u00e0 vous tous pour les nombreux messages de bonne ann\u00e9e&nbsp;: + de 200 \u00e0 ce jour. Merci pour votre soutien inconditionnel et l\u2019\u00e9nergie que vous nous insufflez, cela nous r\u00e9chauffe le c\u0153ur, et aujourd\u2019hui avec -2\u00b0C et une bise glaciale on en a bien besoin.<\/p>\n<p style=\"margin-bottom: 0cm;\">J\u2019aurais tant souhait\u00e9 pouvoir r\u00e9pondre \u00e0 tous, ce que j\u2019avais commenc\u00e9 \u00e0 faire mais ma messagerie est capricieuse, alors toutes mes excuses et encore merci \u00e0 vous tous.<\/p>\n<p style=\"margin-bottom: 0cm;\"><\/p>\n<p style=\"margin-bottom: 0cm;\">Nous avons arpent\u00e9 des routes vallonn\u00e9es et tortueuses pour quitter la for\u00eat noire. Les sapins sont omnipr\u00e9sents et la neige immacul\u00e9e ne demande qu\u2019\u00e0 nous voir chausser des raquettes, mais l\u00e0 on s\u2019\u00e9carte du sujet. Sergio, comme beaucoup l\u2019appellent, a re\u00e7u une visite qui l\u2019a boost\u00e9 puisque Rudi est arriv\u00e9 \u00e0 Riedlingen en train, de la ville de Kempten plus au sud o\u00f9 il demeure. Rudi et Serge ont \u00e9t\u00e9  compagnons de route lors de la Trans-Am\u00e9rica 1993. Tous ces kilom\u00e8tres partag\u00e9s il y a 12 ans, toutes ces souffrances et ces joies ont scell\u00e9 une amiti\u00e9 que les ann\u00e9es n\u2019ont pas \u00e9rod\u00e9. Rudi aura couru 25km. Serge ne semble plus penser \u00e0 rien d\u2019autre qu\u2019\u00e0 bavarder. L\u2019\u00e9motion est \u00e0 son comble.<\/p>\n<p style=\"margin-bottom: 0cm;\">Quant \u00e0 Arlette et Daniel, ils s\u2019\u00e9chinent \u00e0 ravitailler Serge toute la journ\u00e9e. Toujours patients, ils se succ\u00e8dent pour la pr\u00e9paration du caf\u00e9 chaud de Serge, sa soupe, ses bolinos&nbsp;: beaucoup de chaud par ce temps glacial, les 2 litres de thermos suffisent \u00e0 peine. Pour l\u2019anecdote, Serge porte 3 paires de gants.<\/p>\n<p style=\"margin-bottom: 0cm;\">De mon c\u00f4t\u00e9, je fais la girouette : reconnaissance des villes, recherche d\u2019un toit tant que cela est possible&#8230; Ce soir, nous serons dans une Gasthaus, sorte de Bed and Breakfast o\u00f9 Serge pourra se r\u00e9chauffer dans un bon bain bouillant.<\/p>\n<\/p><\/div>\n<\/p><\/div>\n<p>        <br class=\"clear\">      <\/div>\n<p id=\"closingbar\">L&rsquo;INCROYABLE D\u00c9FI DE SERGE GIRARD<\/p>\n<\/p><\/div>\n<\/div>\n","protected":false},"excerpt":{"rendered":"<p>Tr\u00e8s belle image sign\u00e9 Daniel Comme au bon vieux temps Rudi J18 &#8211; 71.3Km MERCREDI 4 JANVIERALBSTADT &#8211; SCHEMMERBERG (au sud de ULM)71.3km &#8211; 9H51 Tout d\u2019abord un grand merci \u00e0 vous tous pour les nombreux messages de bonne ann\u00e9e&nbsp;: + de 200 \u00e0 ce jour. Merci pour votre soutien inconditionnel et l\u2019\u00e9nergie que vous [&hellip;]<\/p>\n","protected":false},"author":1,"featured_media":0,"comment_status":"open","ping_status":"open","sticky":false,"template":"","format":"standard","meta":{"_et_pb_use_builder":"","_et_pb_old_content":"","_et_gb_content_width":"","footnotes":""},"categories":[1],"tags":[],"class_list":["post-2154","post","type-post","status-publish","format-standard","hentry","category-non-classe"],"_links":{"self":[{"href":"https:\/\/sergegirard.com\/5continents-eurasie\/wp-json\/wp\/v2\/posts\/2154","targetHints":{"allow":["GET"]}}],"collection":[{"href":"https:\/\/sergegirard.com\/5continents-eurasie\/wp-json\/wp\/v2\/posts"}],"about":[{"href":"https:\/\/sergegirard.com\/5continents-eurasie\/wp-json\/wp\/v2\/types\/post"}],"author":[{"embeddable":true,"href":"https:\/\/sergegirard.com\/5continents-eurasie\/wp-json\/wp\/v2\/users\/1"}],"replies":[{"embeddable":true,"href":"https:\/\/sergegirard.com\/5continents-eurasie\/wp-json\/wp\/v2\/comments?post=2154"}],"version-history":[{"count":0,"href":"https:\/\/sergegirard.com\/5continents-eurasie\/wp-json\/wp\/v2\/posts\/2154\/revisions"}],"wp:attachment":[{"href":"https:\/\/sergegirard.com\/5continents-eurasie\/wp-json\/wp\/v2\/media?parent=2154"}],"wp:term":[{"taxonomy":"category","embeddable":true,"href":"https:\/\/sergegirard.com\/5continents-eurasie\/wp-json\/wp\/v2\/categories?post=2154"},{"taxonomy":"post_tag","embeddable":true,"href":"https:\/\/sergegirard.com\/5continents-eurasie\/wp-json\/wp\/v2\/tags?post=2154"}],"curies":[{"name":"wp","href":"https:\/\/api.w.org\/{rel}","templated":true}]}}