{"id":2165,"date":"2006-01-05T00:00:00","date_gmt":"2006-01-04T23:00:00","guid":{"rendered":"https:\/\/sergegirard.com\/5continents-eurasie\/2006\/01\/05\/j19-1-5-2006\/"},"modified":"2024-02-04T01:08:18","modified_gmt":"2024-02-04T00:08:18","slug":"j19-1-5-2006","status":"publish","type":"post","link":"https:\/\/sergegirard.com\/5continents-eurasie\/2006\/01\/05\/j19-1-5-2006\/","title":{"rendered":"J19 &#8211; 1\/5\/2006"},"content":{"rendered":"<p>[et_pb_section admin_label=\u00a0\u00bbsection\u00a0\u00bb]<br \/>\n\t\t\t[et_pb_row admin_label=\u00a0\u00bbrow\u00a0\u00bb]<br \/>\n\t\t\t\t[et_pb_column type=\u00a0\u00bb4_4&Prime;][et_pb_text admin_label=\u00a0\u00bbText\u00a0\u00bb]<\/p>\n<div class=\"galPhoto\">\n<div align=\"center\"><img decoding=\"async\" class=\"photoCourse\" src=\"https:\/\/sergegirard.com\/5continents-eurasie\/wp-content\/uploads\/sites\/11\/2024\/02\/19_105.jpg\"><span class=\"clic-image\"><br \/>Que de cartes<\/span><\/div>\n<div align=\"center\"><img decoding=\"async\"  class=\"photoCourse\" src=\"https:\/\/sergegirard.com\/5continents-eurasie\/wp-content\/uploads\/sites\/11\/2024\/02\/19_106.jpg\"><span class=\"clic-image\"><br \/><\/span><\/div>\n<div align=\"center\"><img decoding=\"async\"  class=\"photoCourse\" src=\"https:\/\/sergegirard.com\/5continents-eurasie\/wp-content\/uploads\/sites\/11\/2024\/02\/19_107.jpg\"><span class=\"clic-image\"><br \/>M. ANDASHI et son \u00e9quipe alllemande<\/span><\/div>\n<div align=\"center\"><img decoding=\"async\"  class=\"photoCourse\" src=\"https:\/\/sergegirard.com\/5continents-eurasie\/wp-content\/uploads\/sites\/11\/2024\/02\/19_108.jpg\"><span class=\"clic-image\"><br \/><\/span><\/div>\n<div align=\"center\"><img decoding=\"async\"  class=\"photoCourse\" src=\"https:\/\/sergegirard.com\/5continents-eurasie\/wp-content\/uploads\/sites\/11\/2024\/02\/19_109.jpg\"><span class=\"clic-image\"><br \/>Rudi, Myriam sa femme et Ana sa fille<\/span><\/div>\n<\/div>\n<h4 class=\"h4-1\">J19 &#8211; 71.3Km<\/h4>\n<h5 class=\"h5-2\">JEUDI 5 JANVIER<br \/>SCHAMMERBERG &#8211; MINDELHEIM<br \/>71.3km &#8211; 10H36 <\/h5>\n<div id=\"descin\">\n<p style=\"margin-bottom: 0cm;\">Rudi a accompagn\u00e9 Serge jusqu\u2019\u00e0 midi \u00e0 Illertissen puis sa femme et sa fille sont venues le chercher de Kempten pour des obligations de travail, je crois qu\u2019il aurait aim\u00e9 continuer encore un moment. En Allemagne, c\u2019est encore les vacances scolaires et beaucoup de magasins et de Gasthaus sont ferm\u00e9s, il a \u00e9t\u00e9 difficile de trouver un g\u00eete pour ce soir. Nous traversons l\u2019Allemagne par de minuscules villages mais aujourd&rsquo;hui il est  impossible de ne pas se rendre compte de notre entr\u00e9e en Bavi\u00e8re car tous les toits sont faits de tuiles rouges, typiques de cette r\u00e9gion allemande. La Bavi\u00e8re a un patrimoine historique que nous touchons du doigt en traversant les petites villes. Nous n\u2019avons bien s\u00fbr pas le temps d\u2019approfondir notre visite. Malgr\u00e9 tout, Serge et Daniel ont vu de pr\u00e8s un magnifique renard au d\u00e9tour d\u2019une for\u00eat et ce genre d\u2019apparition est toujours un \u00e9v\u00e8nement pour nous.<\/p>\n<p style=\"margin-bottom: 0cm;\">Nous \u00e9tudions beaucoup les cartes car nous avons chang\u00e9 d\u2019itin\u00e9raire pour permettre \u00e0 Serge d&rsquo;\u00e9voluer sur des petites routes pour plus de s\u00e9curit\u00e9.<\/p>\n<p style=\"margin-bottom: 0cm;\">Ce soir, \u00e0 la fin d\u2019\u00e9tape nous avons la visite de M. Mory Adashi, directeur de Mizuno Europe. Il a fait le d\u00e9placement avec quelques personnes de chez Mizuno Allemagne&nbsp;: Patrick, Laurent et un journaliste charg\u00e9 d&rsquo;interviewer Serge pour quelques magazines.<\/p>\n<p style=\"margin-bottom: 0cm;\">Il est temps pour Serge d\u2019aller se coucher apr\u00e8s cette longue journ\u00e9e pass\u00e9e dehors \u00e0 -2\u00b0C. J\u2019avoue  que les suiveurs aussi ont besoin de repos&nbsp;: d\u2019ailleurs demain arrive une autre \u00e9quipe qui va relayer Arlette et Daniel.  <\/p>\n<p style=\"margin-bottom: 0cm;\">A lundi, pour les news du week-end.<\/p>\n<p style=\"margin-bottom: 0cm;\"><\/p>\n<\/p><\/div>\n<\/p><\/div>\n<p>        <br class=\"clear\">      <\/div>\n<p id=\"closingbar\">L&rsquo;INCROYABLE D\u00c9FI DE SERGE GIRARD<\/p>\n<\/p><\/div>\n<\/div>\n<p>[\/et_pb_text][\/et_pb_column]<br \/>\n\t\t\t[\/et_pb_row]<br \/>\n\t\t[\/et_pb_section]<\/p>\n","protected":false},"excerpt":{"rendered":"<p>Que de cartes M. ANDASHI et son \u00e9quipe alllemande Rudi, Myriam sa femme et Ana sa fille J19 &#8211; 71.3Km JEUDI 5 JANVIERSCHAMMERBERG &#8211; MINDELHEIM71.3km &#8211; 10H36 Rudi a accompagn\u00e9 Serge jusqu\u2019\u00e0 midi \u00e0 Illertissen puis sa femme et sa fille sont venues le chercher de Kempten pour des obligations de travail, je crois qu\u2019il [&hellip;]<\/p>\n","protected":false},"author":1,"featured_media":0,"comment_status":"open","ping_status":"open","sticky":false,"template":"","format":"standard","meta":{"_et_pb_use_builder":"on","_et_pb_old_content":"<div class=\"galPhoto\"> <div align=\"center\"><img class=\"photoCourse\" src=\"https:\/\/sergegirard.com\/5continents-eurasie\/wp-content\/uploads\/sites\/11\/2024\/02\/19_105.jpg\"><span class=\"clic-image\"><br\/>Que de cartes<\/span><\/div> <div align=\"center\"><img  class=\"photoCourse\" src=\"https:\/\/sergegirard.com\/5continents-eurasie\/wp-content\/uploads\/sites\/11\/2024\/02\/19_106.jpg\"><span class=\"clic-image\"><br\/><\/span><\/div> <div align=\"center\"><img  class=\"photoCourse\" src=\"https:\/\/sergegirard.com\/5continents-eurasie\/wp-content\/uploads\/sites\/11\/2024\/02\/19_107.jpg\"><span class=\"clic-image\"><br\/>M. ANDASHI et son \u00e9quipe alllemande<\/span><\/div> <div align=\"center\"><img  class=\"photoCourse\" src=\"https:\/\/sergegirard.com\/5continents-eurasie\/wp-content\/uploads\/sites\/11\/2024\/02\/19_108.jpg\"><span class=\"clic-image\"><br\/><\/span><\/div> <div align=\"center\"><img  class=\"photoCourse\" src=\"https:\/\/sergegirard.com\/5continents-eurasie\/wp-content\/uploads\/sites\/11\/2024\/02\/19_109.jpg\"><span class=\"clic-image\"><br\/>Rudi, Myriam sa femme et Ana sa fille<\/span><\/div><\/div>          <h4 class=\"h4-1\">J19 - 71.3Km<\/h4>          <h5 class=\"h5-2\">JEUDI 5 JANVIER<br>SCHAMMERBERG - MINDELHEIM<br>71.3km - 10H36 <\/h5>          <div id=\"descin\">            <p style=\"margin-bottom: 0cm;\">Rudi a accompagn\u00e9 Serge jusqu\u2019\u00e0 midi \u00e0 Illertissen puis sa femme et sa fille sont venues le chercher de Kempten pour des obligations de travail, je crois qu\u2019il aurait aim\u00e9 continuer encore un moment. En Allemagne, c\u2019est encore les vacances scolaires et beaucoup de magasins et de Gasthaus sont ferm\u00e9s, il a \u00e9t\u00e9 difficile de trouver un g\u00eete pour ce soir. Nous traversons l\u2019Allemagne par de minuscules villages mais aujourd'hui il est  impossible de ne pas se rendre compte de notre entr\u00e9e en Bavi\u00e8re car tous les toits sont faits de tuiles rouges, typiques de cette r\u00e9gion allemande. La Bavi\u00e8re a un patrimoine historique que nous touchons du doigt en traversant les petites villes. Nous n\u2019avons bien s\u00fbr pas le temps d\u2019approfondir notre visite. Malgr\u00e9 tout, Serge et Daniel ont vu de pr\u00e8s un magnifique renard au d\u00e9tour d\u2019une for\u00eat et ce genre d\u2019apparition est toujours un \u00e9v\u00e8nement pour nous.<\/p><p style=\"margin-bottom: 0cm;\">Nous \u00e9tudions beaucoup les cartes car nous avons chang\u00e9 d\u2019itin\u00e9raire pour permettre \u00e0 Serge d'\u00e9voluer sur des petites routes pour plus de s\u00e9curit\u00e9.<\/p><p style=\"margin-bottom: 0cm;\">Ce soir, \u00e0 la fin d\u2019\u00e9tape nous avons la visite de M. Mory Adashi, directeur de Mizuno Europe. Il a fait le d\u00e9placement avec quelques personnes de chez Mizuno Allemagne&nbsp;: Patrick, Laurent et un journaliste charg\u00e9 d'interviewer Serge pour quelques magazines.<\/p><p style=\"margin-bottom: 0cm;\">Il est temps pour Serge d\u2019aller se coucher apr\u00e8s cette longue journ\u00e9e pass\u00e9e dehors \u00e0 -2\u00b0C. J\u2019avoue  que les suiveurs aussi ont besoin de repos&nbsp;: d\u2019ailleurs demain arrive une autre \u00e9quipe qui va relayer Arlette et Daniel.  <\/p><p style=\"margin-bottom: 0cm;\">A lundi, pour les news du week-end.<\/p><p style=\"margin-bottom: 0cm;\"><br><\/p>          <\/div>        <\/div>        <br class=\"clear\">      <\/div>        <p id=\"closingbar\">L'INCROYABLE D\u00c9FI DE SERGE GIRARD<\/p>  <\/div><\/div>","_et_gb_content_width":"","footnotes":""},"categories":[1],"tags":[],"class_list":["post-2165","post","type-post","status-publish","format-standard","hentry","category-non-classe"],"_links":{"self":[{"href":"https:\/\/sergegirard.com\/5continents-eurasie\/wp-json\/wp\/v2\/posts\/2165","targetHints":{"allow":["GET"]}}],"collection":[{"href":"https:\/\/sergegirard.com\/5continents-eurasie\/wp-json\/wp\/v2\/posts"}],"about":[{"href":"https:\/\/sergegirard.com\/5continents-eurasie\/wp-json\/wp\/v2\/types\/post"}],"author":[{"embeddable":true,"href":"https:\/\/sergegirard.com\/5continents-eurasie\/wp-json\/wp\/v2\/users\/1"}],"replies":[{"embeddable":true,"href":"https:\/\/sergegirard.com\/5continents-eurasie\/wp-json\/wp\/v2\/comments?post=2165"}],"version-history":[{"count":1,"href":"https:\/\/sergegirard.com\/5continents-eurasie\/wp-json\/wp\/v2\/posts\/2165\/revisions"}],"predecessor-version":[{"id":2335,"href":"https:\/\/sergegirard.com\/5continents-eurasie\/wp-json\/wp\/v2\/posts\/2165\/revisions\/2335"}],"wp:attachment":[{"href":"https:\/\/sergegirard.com\/5continents-eurasie\/wp-json\/wp\/v2\/media?parent=2165"}],"wp:term":[{"taxonomy":"category","embeddable":true,"href":"https:\/\/sergegirard.com\/5continents-eurasie\/wp-json\/wp\/v2\/categories?post=2165"},{"taxonomy":"post_tag","embeddable":true,"href":"https:\/\/sergegirard.com\/5continents-eurasie\/wp-json\/wp\/v2\/tags?post=2165"}],"curies":[{"name":"wp","href":"https:\/\/api.w.org\/{rel}","templated":true}]}}