{"id":2176,"date":"2005-12-19T00:00:00","date_gmt":"2005-12-18T23:00:00","guid":{"rendered":"https:\/\/sergegirard.com\/5continents-eurasie\/2005\/12\/19\/j2-12-19-2005\/"},"modified":"2005-12-19T00:00:00","modified_gmt":"2005-12-18T23:00:00","slug":"j2-12-19-2005","status":"publish","type":"post","link":"https:\/\/sergegirard.com\/5continents-eurasie\/2005\/12\/19\/j2-12-19-2005\/","title":{"rendered":"J2 &#8211; 12\/19\/2005"},"content":{"rendered":"<div class=\"galPhoto\">\n<div align=\"center\"><img decoding=\"async\" class=\"photoCourse\" src=\"https:\/\/sergegirard.com\/5continents-eurasie\/wp-content\/uploads\/sites\/11\/2024\/02\/2_12.jpg\"><span class=\"clic-image\"><br \/>Ravitaillement devant l&rsquo;\u00e9glise d&rsquo;Ecos<\/span><\/div>\n<div align=\"center\"><img decoding=\"async\"  class=\"photoCourse\" src=\"https:\/\/sergegirard.com\/5continents-eurasie\/wp-content\/uploads\/sites\/11\/2024\/02\/2_13.jpg\"><span class=\"clic-image\"><br \/><\/span><\/div>\n<div align=\"center\"><img decoding=\"async\"  class=\"photoCourse\" src=\"https:\/\/sergegirard.com\/5continents-eurasie\/wp-content\/uploads\/sites\/11\/2024\/02\/2_14.jpg\"><span class=\"clic-image\"><br \/>En haut de la c\u00f4te Jacques Anquetil \u00e0 la Neuville-Chant-d&rsquo;Oisel<\/span><\/div>\n<div align=\"center\"><img decoding=\"async\"  class=\"photoCourse\" src=\"https:\/\/sergegirard.com\/5continents-eurasie\/wp-content\/uploads\/sites\/11\/2024\/02\/2_15.jpg\"><span class=\"clic-image\"><br \/><\/span><\/div>\n<div align=\"center\"><img decoding=\"async\"  class=\"photoCourse\" src=\"https:\/\/sergegirard.com\/5continents-eurasie\/wp-content\/uploads\/sites\/11\/2024\/02\/2_27.jpg\"><\/div>\n<div align=\"center\"><img decoding=\"async\"  class=\"photoCourse\" src=\"https:\/\/sergegirard.com\/5continents-eurasie\/wp-content\/uploads\/sites\/11\/2024\/02\/2_28.jpg\"><\/div>\n<\/div>\n<h4 class=\"h4-1\">J2 &#8211; 83.1Km<\/h4>\n<h5 class=\"h5-2\">OINVILLE- SUR-MONCIENT &#8211; BONSECOURS<br \/>83.1km &#8211; 10H44<br \/>T \u00b0 mini 1 \u00b0C &#8211; max 10 \u00b0C<\/h5>\n<div id=\"descin\">\n<p class=\"MsoNormal\">D\u00e9part \u00e0 7H10\u2019 du parking que Serge a laiss\u00e9 il y a un peu plus de 12H00. Il fait nuit noire et Serge part, \u00e9quip\u00e9 de sa frontale et de son gilet fluorescent. Il tombe un crachin froid et Serge pour une fois porte un fuseau pour \u00e9viter de griller des calories \u00e0 r\u00e9chauffer son corps. Il part pour une longue \u00e9tape et le moral est au beau fixe puisqu\u2019il retourne sur ces terres normandes. Pourquoi ? me direz-vous, car franchement ce n\u2019est pas le chemin le plus court pour rejoindre l\u2019Allemagne. Et bien Serge souhaite revoir la mer, et plus s\u00e9rieusement il est tr\u00e8s heureux de pouvoir partager un bout de route avec tous les coureurs du coin, comme ce fut le cas ce soir en fin d\u2019\u00e9tape \u00e0 partir de Romilly.<\/p>\n<p class=\"MsoNormal\">Il est 13H15, les rayons du soleil accompagnent Serge dans sa travers\u00e9e des Andelys que nous ne quitterons plus jusqu\u2019\u00e0 l\u2019arriv\u00e9e.<br \/>Les klaxons et les \u00ab&nbsp;aller Serge !\u00bb se font&nbsp; entendre de plus en plus et cela donne du baume au c\u0153ur. Ce soir, Serge est arriv\u00e9 \u00e0 Bonsecours \u00e0 17H55 pour un horaire que nous avions programm\u00e9 \u00e0 18H00, c\u2019est encore mieux qu\u2019\u00e0 la Sncf. <o:p><br \/><\/o:p><\/p>\n<p class=\"MsoNormal\"><o:p><\/o:p>La municipalit\u00e9 de Bonsecours nous a r\u00e9serv\u00e9 un accueil des plus chaleureux \u00e0 la mairie. Merci \u00e0 M. le Maire pour cette r\u00e9ception des plus conviviales.<\/p>\n<p class=\"MsoNormal\">Il est 19H00, Serge ne r\u00eave plus que d\u2019une chose, s\u2019allonger et dormir pour reposer ses jambes et r\u00e9cup\u00e9rer au maximum de cette \u00e9tape particuli\u00e8rement longue.<\/p>\n<p class=\"MsoNormal\">PS&nbsp;: un grand merci pour ces messages sur le net qui nous arrivent tous les jours plus nombreux, cela nous touche beaucoup et nous les lisons m\u00eame si nous sommes dans l\u2019impossibilit\u00e9 de r\u00e9pondre \u00e0 tous.<\/p>\n<\/p><\/div>\n<\/p><\/div>\n<p>        <br class=\"clear\">      <\/div>\n<p id=\"closingbar\">L&rsquo;INCROYABLE D\u00c9FI DE SERGE GIRARD<\/p>\n<\/p><\/div>\n<\/div>\n","protected":false},"excerpt":{"rendered":"<p>Ravitaillement devant l&rsquo;\u00e9glise d&rsquo;Ecos En haut de la c\u00f4te Jacques Anquetil \u00e0 la Neuville-Chant-d&rsquo;Oisel J2 &#8211; 83.1Km OINVILLE- SUR-MONCIENT &#8211; BONSECOURS83.1km &#8211; 10H44T \u00b0 mini 1 \u00b0C &#8211; max 10 \u00b0C D\u00e9part \u00e0 7H10\u2019 du parking que Serge a laiss\u00e9 il y a un peu plus de 12H00. Il fait nuit noire et Serge part, [&hellip;]<\/p>\n","protected":false},"author":1,"featured_media":0,"comment_status":"open","ping_status":"open","sticky":false,"template":"","format":"standard","meta":{"_et_pb_use_builder":"","_et_pb_old_content":"","_et_gb_content_width":"","footnotes":""},"categories":[1],"tags":[],"class_list":["post-2176","post","type-post","status-publish","format-standard","hentry","category-non-classe"],"_links":{"self":[{"href":"https:\/\/sergegirard.com\/5continents-eurasie\/wp-json\/wp\/v2\/posts\/2176","targetHints":{"allow":["GET"]}}],"collection":[{"href":"https:\/\/sergegirard.com\/5continents-eurasie\/wp-json\/wp\/v2\/posts"}],"about":[{"href":"https:\/\/sergegirard.com\/5continents-eurasie\/wp-json\/wp\/v2\/types\/post"}],"author":[{"embeddable":true,"href":"https:\/\/sergegirard.com\/5continents-eurasie\/wp-json\/wp\/v2\/users\/1"}],"replies":[{"embeddable":true,"href":"https:\/\/sergegirard.com\/5continents-eurasie\/wp-json\/wp\/v2\/comments?post=2176"}],"version-history":[{"count":0,"href":"https:\/\/sergegirard.com\/5continents-eurasie\/wp-json\/wp\/v2\/posts\/2176\/revisions"}],"wp:attachment":[{"href":"https:\/\/sergegirard.com\/5continents-eurasie\/wp-json\/wp\/v2\/media?parent=2176"}],"wp:term":[{"taxonomy":"category","embeddable":true,"href":"https:\/\/sergegirard.com\/5continents-eurasie\/wp-json\/wp\/v2\/categories?post=2176"},{"taxonomy":"post_tag","embeddable":true,"href":"https:\/\/sergegirard.com\/5continents-eurasie\/wp-json\/wp\/v2\/tags?post=2176"}],"curies":[{"name":"wp","href":"https:\/\/api.w.org\/{rel}","templated":true}]}}