{"id":2177,"date":"2006-01-06T00:00:00","date_gmt":"2006-01-05T23:00:00","guid":{"rendered":"https:\/\/sergegirard.com\/5continents-eurasie\/2006\/01\/06\/j20-1-6-2006\/"},"modified":"2006-01-06T00:00:00","modified_gmt":"2006-01-05T23:00:00","slug":"j20-1-6-2006","status":"publish","type":"post","link":"https:\/\/sergegirard.com\/5continents-eurasie\/2006\/01\/06\/j20-1-6-2006\/","title":{"rendered":"J20 &#8211; 1\/6\/2006"},"content":{"rendered":"<div class=\"galPhoto\">\n<div align=\"center\"><img decoding=\"async\" class=\"photoCourse\" src=\"https:\/\/sergegirard.com\/5continents-eurasie\/wp-content\/uploads\/sites\/11\/2024\/02\/20_110.jpg\"><span class=\"clic-image\"><br \/><\/span><\/div>\n<div align=\"center\"><img decoding=\"async\"  class=\"photoCourse\" src=\"https:\/\/sergegirard.com\/5continents-eurasie\/wp-content\/uploads\/sites\/11\/2024\/02\/20_111.jpg\"><span class=\"clic-image\"><br \/><\/span><\/div>\n<div align=\"center\"><img decoding=\"async\"  class=\"photoCourse\" src=\"https:\/\/sergegirard.com\/5continents-eurasie\/wp-content\/uploads\/sites\/11\/2024\/02\/20_112.jpg\"><span class=\"clic-image\"><br \/><\/span><\/div>\n<div align=\"center\"><img decoding=\"async\"  class=\"photoCourse\" src=\"https:\/\/sergegirard.com\/5continents-eurasie\/wp-content\/uploads\/sites\/11\/2024\/02\/20_113.jpg\"><span class=\"clic-image\"><br \/><\/span><\/div>\n<div align=\"center\"><img decoding=\"async\"  class=\"photoCourse\" src=\"https:\/\/sergegirard.com\/5continents-eurasie\/wp-content\/uploads\/sites\/11\/2024\/02\/20_114.jpg\"><span class=\"clic-image\"><br \/><\/span><\/div>\n<div align=\"center\"><img decoding=\"async\"  class=\"photoCourse\" src=\"https:\/\/sergegirard.com\/5continents-eurasie\/wp-content\/uploads\/sites\/11\/2024\/02\/20_115.jpg\"><span class=\"clic-image\"><br \/><\/span><\/div>\n<div align=\"center\"><img decoding=\"async\"  class=\"photoCourse\" src=\"https:\/\/sergegirard.com\/5continents-eurasie\/wp-content\/uploads\/sites\/11\/2024\/02\/20_116.jpg\"><span class=\"clic-image\"><br \/><\/span><\/div>\n<\/div>\n<h4 class=\"h4-1\">J20 &#8211; 60.5Km<\/h4>\n<h5 class=\"h5-2\">VENDREDI 6 JANVIER<br \/>MINDELHEIM &#8211; WESSOBRUNN<br \/>60.5km &#8211; 7H53 <\/h5>\n<div id=\"descin\">            <span style=\"font-style: italic;\"><\/span><\/p>\n<p style=\"margin-bottom: 0cm;\">Serge ressemble \u00e0 un oiseau qui plane sur sa route : il a retrouv\u00e9 de la souplesse, sa foul\u00e9e est d\u00e9li\u00e9e malgr\u00e9 les -8\u00b0C pour les minima et -2\u00b0C pour les maxima.<\/p>\n<p style=\"margin-bottom: 0cm;\">Laurent a couru ce matin les 12 premiers kilom\u00e8tres avec Serge \u00e0 un rythme d\u2019enfer&nbsp;: 10km\/heure. Serge a retrouv\u00e9 de bonnes sensations et cela fait plaisir \u00e0 voir. Parole de Serge&nbsp;: \u00ab&nbsp;8 heures de pur bonheur&nbsp;\u00bb.<\/p>\n<p style=\"margin-bottom: 0cm;\">Pass\u00e9 Buchloe, Serge bifurque en direction de Garmisch-Parttenkirshen par de petites routes bien d\u00e9gag\u00e9es mais noy\u00e9es dans la neige. Au loin les bavarois s\u2019adonnent aux joies du ski de fond en ce jour f\u00e9ri\u00e9 (la Bavi\u00e8re est la seule r\u00e9gion allemande qui a un jour f\u00e9ri\u00e9 en ce jour d&rsquo;\u00e9piphanie). Les enfants d\u00e9ambulent dans les rues d\u00e9guis\u00e9s en rois mages avec une petite bo\u00eete dans laquelle il faut mettre quelques pi\u00e8ces.<\/p>\n<p style=\"margin-bottom: 0cm;\">En d\u00e9but d\u2019apr\u00e8s-midi, M. Andachi et sa famille sont venus encourager Serge. M. Andachi a m\u00eame couru quelques kilom\u00e8tres et a trouv\u00e9 Serge en forme.  <\/p>\n<p style=\"margin-bottom: 0cm;\">A 16H00, toute cette joyeuse \u00e9quipe arrive \u00e0 Rott. Rudi, venu en renfort, va raccompagner Arlette et Daniel \u00e0 Munich et retrouver \u00e0 la gare Eliane, Pascal et Ren\u00e9, venus prendre le relais \u00e0 partir de demain. Merci \u00e0 Rudi pour cette aide si pr\u00e9cieuse qui a permis \u00e0 Serge de faire quelques kilom\u00e8tres en plus et \u00e0 Laure de faire la lessive, de taper le compte-rendu et de s\u2019occuper un peu de Serge.<\/p>\n<p style=\"margin-bottom: 0cm;\">Les Alpes nous attendent droit devant et nous sommes pr\u00eats.<\/p>\n<\/p><\/div>\n<\/p><\/div>\n<p>        <br class=\"clear\">      <\/div>\n<p id=\"closingbar\">L&rsquo;INCROYABLE D\u00c9FI DE SERGE GIRARD<\/p>\n<\/p><\/div>\n<\/div>\n","protected":false},"excerpt":{"rendered":"<p>J20 &#8211; 60.5Km VENDREDI 6 JANVIERMINDELHEIM &#8211; WESSOBRUNN60.5km &#8211; 7H53 Serge ressemble \u00e0 un oiseau qui plane sur sa route : il a retrouv\u00e9 de la souplesse, sa foul\u00e9e est d\u00e9li\u00e9e malgr\u00e9 les -8\u00b0C pour les minima et -2\u00b0C pour les maxima. Laurent a couru ce matin les 12 premiers kilom\u00e8tres avec Serge \u00e0 un [&hellip;]<\/p>\n","protected":false},"author":1,"featured_media":0,"comment_status":"open","ping_status":"open","sticky":false,"template":"","format":"standard","meta":{"_et_pb_use_builder":"","_et_pb_old_content":"","_et_gb_content_width":"","footnotes":""},"categories":[1],"tags":[],"class_list":["post-2177","post","type-post","status-publish","format-standard","hentry","category-non-classe"],"_links":{"self":[{"href":"https:\/\/sergegirard.com\/5continents-eurasie\/wp-json\/wp\/v2\/posts\/2177","targetHints":{"allow":["GET"]}}],"collection":[{"href":"https:\/\/sergegirard.com\/5continents-eurasie\/wp-json\/wp\/v2\/posts"}],"about":[{"href":"https:\/\/sergegirard.com\/5continents-eurasie\/wp-json\/wp\/v2\/types\/post"}],"author":[{"embeddable":true,"href":"https:\/\/sergegirard.com\/5continents-eurasie\/wp-json\/wp\/v2\/users\/1"}],"replies":[{"embeddable":true,"href":"https:\/\/sergegirard.com\/5continents-eurasie\/wp-json\/wp\/v2\/comments?post=2177"}],"version-history":[{"count":0,"href":"https:\/\/sergegirard.com\/5continents-eurasie\/wp-json\/wp\/v2\/posts\/2177\/revisions"}],"wp:attachment":[{"href":"https:\/\/sergegirard.com\/5continents-eurasie\/wp-json\/wp\/v2\/media?parent=2177"}],"wp:term":[{"taxonomy":"category","embeddable":true,"href":"https:\/\/sergegirard.com\/5continents-eurasie\/wp-json\/wp\/v2\/categories?post=2177"},{"taxonomy":"post_tag","embeddable":true,"href":"https:\/\/sergegirard.com\/5continents-eurasie\/wp-json\/wp\/v2\/tags?post=2177"}],"curies":[{"name":"wp","href":"https:\/\/api.w.org\/{rel}","templated":true}]}}