{"id":2188,"date":"2006-01-07T00:00:00","date_gmt":"2006-01-06T23:00:00","guid":{"rendered":"https:\/\/sergegirard.com\/5continents-eurasie\/2006\/01\/07\/j21-1-7-2006\/"},"modified":"2006-01-07T00:00:00","modified_gmt":"2006-01-06T23:00:00","slug":"j21-1-7-2006","status":"publish","type":"post","link":"https:\/\/sergegirard.com\/5continents-eurasie\/2006\/01\/07\/j21-1-7-2006\/","title":{"rendered":"J21 &#8211; 1\/7\/2006"},"content":{"rendered":"<div class=\"galPhoto\">\n<div align=\"center\"><img decoding=\"async\" class=\"photoCourse\" src=\"https:\/\/sergegirard.com\/5continents-eurasie\/wp-content\/uploads\/sites\/11\/2024\/02\/21_117.jpg\"><span class=\"clic-image\"><br \/>Eliane de Nantes<\/span><\/div>\n<div align=\"center\"><img decoding=\"async\"  class=\"photoCourse\" src=\"https:\/\/sergegirard.com\/5continents-eurasie\/wp-content\/uploads\/sites\/11\/2024\/02\/21_118.jpg\"><span class=\"clic-image\"><br \/>Micha<\/span><\/div>\n<div align=\"center\"><img decoding=\"async\"  class=\"photoCourse\" src=\"https:\/\/sergegirard.com\/5continents-eurasie\/wp-content\/uploads\/sites\/11\/2024\/02\/21_119.jpg\"><span class=\"clic-image\"><br \/><\/span><\/div>\n<div align=\"center\"><img decoding=\"async\"  class=\"photoCourse\" src=\"https:\/\/sergegirard.com\/5continents-eurasie\/wp-content\/uploads\/sites\/11\/2024\/02\/21_120.jpg\"><span class=\"clic-image\"><br \/><\/span><\/div>\n<\/div>\n<h4 class=\"h4-1\">J21 &#8211; 73.0Km<\/h4>\n<h5 class=\"h5-2\">SAMEDI 7 JANVIER<br \/>WESSOBRUNN &#8211; +10km de GARMISCH-PARTENKIRCHEN<br \/>73km &#8211; 9H18 <\/p>\n<\/h5>\n<div id=\"descin\">\n<p style=\"margin-bottom: 0cm;\">Encore une bonne journ\u00e9e pour Serge qui court d\u2019une foul\u00e9e alerte, accompagn\u00e9 par Micha de chez Mizuno Allemagne. La neige est omnipr\u00e9sente, nous sommes au coeur de la Bavi\u00e8re du sud. Les carillons des \u00e9glises rythment le passage des heures. Le sud de l\u2019Allemagne est 100% catholique, c\u2019est pourquoi nous pouvons voir sur le bord de la route des calvaires, des statues du Christ et toutes ces \u00e9glises joliment peintes.<\/p>\n<p style=\"margin-bottom: 0cm;\">La nouvelle \u00e9quipe entame son premier jour : Eliane a trouv\u00e9 sa place dans la voiture suiveuse qui assure le ravitaillement de Serge, Ren\u00e9 conduit l\u2019un ou l\u2019autre v\u00e9hicule et Pascal profite du camping-car, plus libre de ses d\u00e9placements, pour rep\u00e9rer les points int\u00e9ressants \u00e0 filmer.  <\/p>\n<p style=\"margin-bottom: 0cm;\">Tous les chemins m\u00e8nent \u00e0 Murnau. La preuve en est que les v\u00e9hicules ont pris des routes diff\u00e9rentes et Serge encore une autre, un moment de flottement et puis ouf tout le monde se retrouve. Dor\u00e9navant nous irons \u00e0 l\u2019avance rep\u00e9rer les passages de ville tel que Garmisch-Partenkirchen et Innsbruck.<\/p>\n<p style=\"margin-bottom: 0cm;\">Le logis sera difficile \u00e0 trouver car un samedi de fin de vacances tous affichent complets et les h\u00f4tels sont hors de prix. Finalement, nous trouverons un lit et m\u00eame une baignoire, pour le plus grand plaisir de Serge, \u00e0 l\u2019h\u00f4tel Mercure car le groupe Accor nous a dot\u00e9 de ch\u00e8ques compliments que nous \u00e9tions heureux d\u2019avoir ce soir.  <\/p>\n<p style=\"margin-bottom: 0cm;\">Enfin nous nous retrouverons devant une bonne bi\u00e8re bavaroise qui se boit comme du petit lait&nbsp;!<\/p>\n<\/p><\/div>\n<\/p><\/div>\n<p>        <br class=\"clear\">      <\/div>\n<p id=\"closingbar\">L&rsquo;INCROYABLE D\u00c9FI DE SERGE GIRARD<\/p>\n<\/p><\/div>\n<\/div>\n","protected":false},"excerpt":{"rendered":"<p>Eliane de Nantes Micha J21 &#8211; 73.0Km SAMEDI 7 JANVIERWESSOBRUNN &#8211; +10km de GARMISCH-PARTENKIRCHEN73km &#8211; 9H18 Encore une bonne journ\u00e9e pour Serge qui court d\u2019une foul\u00e9e alerte, accompagn\u00e9 par Micha de chez Mizuno Allemagne. La neige est omnipr\u00e9sente, nous sommes au coeur de la Bavi\u00e8re du sud. Les carillons des \u00e9glises rythment le passage des [&hellip;]<\/p>\n","protected":false},"author":1,"featured_media":0,"comment_status":"open","ping_status":"open","sticky":false,"template":"","format":"standard","meta":{"_et_pb_use_builder":"","_et_pb_old_content":"","_et_gb_content_width":"","footnotes":""},"categories":[1],"tags":[],"class_list":["post-2188","post","type-post","status-publish","format-standard","hentry","category-non-classe"],"_links":{"self":[{"href":"https:\/\/sergegirard.com\/5continents-eurasie\/wp-json\/wp\/v2\/posts\/2188","targetHints":{"allow":["GET"]}}],"collection":[{"href":"https:\/\/sergegirard.com\/5continents-eurasie\/wp-json\/wp\/v2\/posts"}],"about":[{"href":"https:\/\/sergegirard.com\/5continents-eurasie\/wp-json\/wp\/v2\/types\/post"}],"author":[{"embeddable":true,"href":"https:\/\/sergegirard.com\/5continents-eurasie\/wp-json\/wp\/v2\/users\/1"}],"replies":[{"embeddable":true,"href":"https:\/\/sergegirard.com\/5continents-eurasie\/wp-json\/wp\/v2\/comments?post=2188"}],"version-history":[{"count":0,"href":"https:\/\/sergegirard.com\/5continents-eurasie\/wp-json\/wp\/v2\/posts\/2188\/revisions"}],"wp:attachment":[{"href":"https:\/\/sergegirard.com\/5continents-eurasie\/wp-json\/wp\/v2\/media?parent=2188"}],"wp:term":[{"taxonomy":"category","embeddable":true,"href":"https:\/\/sergegirard.com\/5continents-eurasie\/wp-json\/wp\/v2\/categories?post=2188"},{"taxonomy":"post_tag","embeddable":true,"href":"https:\/\/sergegirard.com\/5continents-eurasie\/wp-json\/wp\/v2\/tags?post=2188"}],"curies":[{"name":"wp","href":"https:\/\/api.w.org\/{rel}","templated":true}]}}