{"id":2199,"date":"2006-01-08T00:00:00","date_gmt":"2006-01-07T23:00:00","guid":{"rendered":"https:\/\/sergegirard.com\/5continents-eurasie\/2006\/01\/08\/j22-1-8-2006\/"},"modified":"2006-01-08T00:00:00","modified_gmt":"2006-01-07T23:00:00","slug":"j22-1-8-2006","status":"publish","type":"post","link":"https:\/\/sergegirard.com\/5continents-eurasie\/2006\/01\/08\/j22-1-8-2006\/","title":{"rendered":"J22 &#8211; 1\/8\/2006"},"content":{"rendered":"<div class=\"galPhoto\">\n<div align=\"center\"><img decoding=\"async\" class=\"photoCourse\" src=\"https:\/\/sergegirard.com\/5continents-eurasie\/wp-content\/uploads\/sites\/11\/2024\/02\/22_121.jpg\"><span class=\"clic-image\"><br \/>Changement de chaussures avec l&rsquo;aide de Ren\u00e9<\/span><\/div>\n<div align=\"center\"><img decoding=\"async\"  class=\"photoCourse\" src=\"https:\/\/sergegirard.com\/5continents-eurasie\/wp-content\/uploads\/sites\/11\/2024\/02\/22_122.jpg\"><span class=\"clic-image\"><br \/>Interview \u00e0 Schwarnitz (fronti\u00e8re Autrichienne)<\/span><\/div>\n<div align=\"center\"><img decoding=\"async\"  class=\"photoCourse\" src=\"https:\/\/sergegirard.com\/5continents-eurasie\/wp-content\/uploads\/sites\/11\/2024\/02\/22_123.jpg\"><span class=\"clic-image\"><br \/>Descentes et mont\u00e9s dans la circulation<\/span><\/div>\n<div align=\"center\"><img decoding=\"async\"  class=\"photoCourse\" src=\"https:\/\/sergegirard.com\/5continents-eurasie\/wp-content\/uploads\/sites\/11\/2024\/02\/22_124.jpg\"><span class=\"clic-image\"><br \/>Pause dans la capitale du Tirol<\/span><\/div>\n<div align=\"center\"><img decoding=\"async\"  class=\"photoCourse\" src=\"https:\/\/sergegirard.com\/5continents-eurasie\/wp-content\/uploads\/sites\/11\/2024\/02\/22_125.jpg\"><span class=\"clic-image\"><br \/>Innsbruck<\/span><\/div>\n<\/div>\n<h4 class=\"h4-1\">J22 &#8211; 68.7Km<\/h4>\n<h5 class=\"h5-2\">DIMANCHE 8 JANVIER<br \/>+10km de GARMISCH-PARTENKIRCHEN (sur la route N \u00b02) &#8211;  MATREI AM BRENNER<br \/>2.5km avant KLAIS<\/p>\n<p>68.7km &#8211; 10H22 <br \/><\/h5>\n<div id=\"descin\">\n<p style=\"margin-bottom: 0cm;\">Deuxi\u00e8me jour pour notre nouvelle \u00e9quipe qui se rode, malgr\u00e9 un peu de stress d\u00fb \u00e0  la peur de mal faire qui taraude Eliane et Ren\u00e9. Serge ce matin est transi de froid car il ne s&rsquo;est pas assez couvert la premi\u00e8re heure. Heureusement le soleil pointe le bout de son nez et nous laisse esp\u00e9rer du beau temps sur le massif alpin. A 10H30, Serge passe la fronti\u00e8re vers l\u2019Autriche, nous sommes \u00e0 Schwartig. Le parcours en Allemagne a \u00e9t\u00e9 de 432km, nous entrons maintenant dans le Tirol dont Innsbruck est la capitale. Le parcours est des plus vallonn\u00e9s et des plus dangereux car si ce matin le chemin a \u00e9t\u00e9 calme, d\u00e8s 11H00, c\u2019est un flot de voitures continu qui se d\u00e9versait sur ces routes alpines. Les petites routes et sentiers ne sont pas d\u00e9gag\u00e9s et Serge ne se sent pas de courir sur la neige verglac\u00e9e, le choix est donc restreint. Serge traverse Innsbruck \u00e0 15h00, avant d\u2019entamer l\u2019ascension vers le col de Brenner qui sera franchit demain avant de rejoindre l\u2019Italie.<\/p>\n<p style=\"margin-bottom: 0cm;\">Les paysages sont magnifiques, le contraste entre le bleu du ciel et le blanc de la neige qui recouvre toute la v\u00e9g\u00e9tation et les villages, est saisissant. Malgr\u00e9 tout le thermom\u00e8tre n\u2019aura pas atteint plus de -2\u00b0C.<\/p>\n<p style=\"margin-bottom: 0cm;\">Pour ceux qui se poseraient la question du rythme de course, Serge part le matin vers 8H00, au lever du soleil, puis il court sans discontinuit\u00e9 (c&rsquo;est-\u00e0-dire qu\u2019il ne s\u2019arr\u00eate pas pour manger un vrai repas le midi, il ne s\u2019assoit pas, c\u2019est du non stop). Il mange en marchant la plupart du temps et ne discute que tr\u00e8s peu. Les seuls qui ont la chance de parler avec Serge, sont ceux qui l\u2019accompagnent en courant.<\/p>\n<\/p><\/div>\n<\/p><\/div>\n<p>        <br class=\"clear\">      <\/div>\n<p id=\"closingbar\">L&rsquo;INCROYABLE D\u00c9FI DE SERGE GIRARD<\/p>\n<\/p><\/div>\n<\/div>\n","protected":false},"excerpt":{"rendered":"<p>Changement de chaussures avec l&rsquo;aide de Ren\u00e9 Interview \u00e0 Schwarnitz (fronti\u00e8re Autrichienne) Descentes et mont\u00e9s dans la circulation Pause dans la capitale du Tirol Innsbruck J22 &#8211; 68.7Km DIMANCHE 8 JANVIER+10km de GARMISCH-PARTENKIRCHEN (sur la route N \u00b02) &#8211; MATREI AM BRENNER2.5km avant KLAIS 68.7km &#8211; 10H22 Deuxi\u00e8me jour pour notre nouvelle \u00e9quipe qui se [&hellip;]<\/p>\n","protected":false},"author":1,"featured_media":0,"comment_status":"open","ping_status":"open","sticky":false,"template":"","format":"standard","meta":{"_et_pb_use_builder":"","_et_pb_old_content":"","_et_gb_content_width":"","footnotes":""},"categories":[1],"tags":[],"class_list":["post-2199","post","type-post","status-publish","format-standard","hentry","category-non-classe"],"_links":{"self":[{"href":"https:\/\/sergegirard.com\/5continents-eurasie\/wp-json\/wp\/v2\/posts\/2199","targetHints":{"allow":["GET"]}}],"collection":[{"href":"https:\/\/sergegirard.com\/5continents-eurasie\/wp-json\/wp\/v2\/posts"}],"about":[{"href":"https:\/\/sergegirard.com\/5continents-eurasie\/wp-json\/wp\/v2\/types\/post"}],"author":[{"embeddable":true,"href":"https:\/\/sergegirard.com\/5continents-eurasie\/wp-json\/wp\/v2\/users\/1"}],"replies":[{"embeddable":true,"href":"https:\/\/sergegirard.com\/5continents-eurasie\/wp-json\/wp\/v2\/comments?post=2199"}],"version-history":[{"count":0,"href":"https:\/\/sergegirard.com\/5continents-eurasie\/wp-json\/wp\/v2\/posts\/2199\/revisions"}],"wp:attachment":[{"href":"https:\/\/sergegirard.com\/5continents-eurasie\/wp-json\/wp\/v2\/media?parent=2199"}],"wp:term":[{"taxonomy":"category","embeddable":true,"href":"https:\/\/sergegirard.com\/5continents-eurasie\/wp-json\/wp\/v2\/categories?post=2199"},{"taxonomy":"post_tag","embeddable":true,"href":"https:\/\/sergegirard.com\/5continents-eurasie\/wp-json\/wp\/v2\/tags?post=2199"}],"curies":[{"name":"wp","href":"https:\/\/api.w.org\/{rel}","templated":true}]}}