{"id":2249,"date":"2006-01-13T00:00:00","date_gmt":"2006-01-12T23:00:00","guid":{"rendered":"https:\/\/sergegirard.com\/5continents-eurasie\/2006\/01\/13\/j27-1-13-2006\/"},"modified":"2006-01-13T00:00:00","modified_gmt":"2006-01-12T23:00:00","slug":"j27-1-13-2006","status":"publish","type":"post","link":"https:\/\/sergegirard.com\/5continents-eurasie\/2006\/01\/13\/j27-1-13-2006\/","title":{"rendered":"J27 &#8211; 1\/13\/2006"},"content":{"rendered":"<div class=\"galPhoto\">\n<div align=\"center\"><img decoding=\"async\" class=\"photoCourse\" src=\"https:\/\/sergegirard.com\/5continents-eurasie\/wp-content\/uploads\/sites\/11\/2024\/02\/27_143.jpg\"><span class=\"clic-image\"><br \/>Merci pour le saucisson<\/span><\/div>\n<div align=\"center\"><img decoding=\"async\"  class=\"photoCourse\" src=\"https:\/\/sergegirard.com\/5continents-eurasie\/wp-content\/uploads\/sites\/11\/2024\/02\/27_144.jpg\"><span class=\"clic-image\"><br \/>Connection internet<\/span><\/div>\n<div align=\"center\"><img decoding=\"async\"  class=\"photoCourse\" src=\"https:\/\/sergegirard.com\/5continents-eurasie\/wp-content\/uploads\/sites\/11\/2024\/02\/27_145.jpg\"><span class=\"clic-image\"><br \/>Les dolomites s&rsquo;\u00e9loignent<\/span><\/div>\n<\/div>\n<h4 class=\"h4-1\">J27 &#8211; 74.8Km<\/h4>\n<h5 class=\"h5-2\">VENDREDI 13 JANVIER<br \/>SANTA CROCE DEL MONTELLO (au nord de Tr\u00e9vise)- SAN VITO AL TAGLIAMENTO<br \/>74.8km &#8211; 10H22 <br \/><\/h5>\n<div id=\"descin\">\n<p style=\"margin-bottom: 0cm;\">Nous avons quitt\u00e9 nos h\u00f4tes ce matin de bonne humeur, pr\u00eats \u00e0 attaquer une nouvelle journ\u00e9e. Leur hospitalit\u00e9 nous a requinqu\u00e9 d\u2019autant qu\u2019ils nous ont offert 2 saucissons fait maison.  <\/p>\n<p style=\"margin-bottom: 0cm;\">Nous avons laiss\u00e9&nbsp; les montagnes pour un profil assez plat, qui a permis \u00e0 Serge de garder une bonne moyenne. La premi\u00e8re partie a \u00e9t\u00e9 assez calme avec des routes qui traversaient des villages, des champs labour\u00e9s et des vignes puis en fin de journ\u00e9e, \u00e0 l\u2019approche des villes le trafic s\u2019est fait plus dense et avec la fatigue, le stress s\u2019est \u00e0 nouveau fait ressentir. Serge se sent bien physiquement, les diff\u00e9rents tendons des jambes ne le font plus souffrir.<\/p>\n<p style=\"margin-bottom: 0cm;\">Eliane et Ren\u00e9 ont eu pas mal de curieux qui se sont arr\u00eat\u00e9s leur demander ce que faisait Serge. Cela faisait un moment que nous n&rsquo;avions pas attir\u00e9 un peu de curiosit\u00e9 depuis que nous avons quitt\u00e9 la France. Les allemands, les autrichiens et les italiens du nord ne semblaient en aucun cas s\u2019occuper de notre caravane, fron\u00e7ant plut\u00f4t les sourcils si nous g\u00eanions leur progression. Peut-\u00eatre est-ce d\u00f9 au soleil et \u00e0 un ciel bleu d\u00e9pourvu du moindre nuage.<\/p>\n<p style=\"margin-bottom: 0cm;\">Demain samedi, nous passons les 2000 kms et comme le dit si bien Serge, il s\u2019agira de la deuxi\u00e8me tranche.<\/p>\n<p style=\"margin-bottom: 0cm;\"><\/p>\n<p style=\"margin-bottom: 0cm;\"><\/p>\n<\/p><\/div>\n<\/p><\/div>\n<p>        <br class=\"clear\">      <\/div>\n<p id=\"closingbar\">L&rsquo;INCROYABLE D\u00c9FI DE SERGE GIRARD<\/p>\n<\/p><\/div>\n<\/div>\n","protected":false},"excerpt":{"rendered":"<p>Merci pour le saucisson Connection internet Les dolomites s&rsquo;\u00e9loignent J27 &#8211; 74.8Km VENDREDI 13 JANVIERSANTA CROCE DEL MONTELLO (au nord de Tr\u00e9vise)- SAN VITO AL TAGLIAMENTO74.8km &#8211; 10H22 Nous avons quitt\u00e9 nos h\u00f4tes ce matin de bonne humeur, pr\u00eats \u00e0 attaquer une nouvelle journ\u00e9e. Leur hospitalit\u00e9 nous a requinqu\u00e9 d\u2019autant qu\u2019ils nous ont offert 2 [&hellip;]<\/p>\n","protected":false},"author":1,"featured_media":0,"comment_status":"open","ping_status":"open","sticky":false,"template":"","format":"standard","meta":{"_et_pb_use_builder":"","_et_pb_old_content":"","_et_gb_content_width":"","footnotes":""},"categories":[1],"tags":[],"class_list":["post-2249","post","type-post","status-publish","format-standard","hentry","category-non-classe"],"_links":{"self":[{"href":"https:\/\/sergegirard.com\/5continents-eurasie\/wp-json\/wp\/v2\/posts\/2249","targetHints":{"allow":["GET"]}}],"collection":[{"href":"https:\/\/sergegirard.com\/5continents-eurasie\/wp-json\/wp\/v2\/posts"}],"about":[{"href":"https:\/\/sergegirard.com\/5continents-eurasie\/wp-json\/wp\/v2\/types\/post"}],"author":[{"embeddable":true,"href":"https:\/\/sergegirard.com\/5continents-eurasie\/wp-json\/wp\/v2\/users\/1"}],"replies":[{"embeddable":true,"href":"https:\/\/sergegirard.com\/5continents-eurasie\/wp-json\/wp\/v2\/comments?post=2249"}],"version-history":[{"count":0,"href":"https:\/\/sergegirard.com\/5continents-eurasie\/wp-json\/wp\/v2\/posts\/2249\/revisions"}],"wp:attachment":[{"href":"https:\/\/sergegirard.com\/5continents-eurasie\/wp-json\/wp\/v2\/media?parent=2249"}],"wp:term":[{"taxonomy":"category","embeddable":true,"href":"https:\/\/sergegirard.com\/5continents-eurasie\/wp-json\/wp\/v2\/categories?post=2249"},{"taxonomy":"post_tag","embeddable":true,"href":"https:\/\/sergegirard.com\/5continents-eurasie\/wp-json\/wp\/v2\/tags?post=2249"}],"curies":[{"name":"wp","href":"https:\/\/api.w.org\/{rel}","templated":true}]}}