{"id":2250,"date":"2006-01-14T00:00:00","date_gmt":"2006-01-13T23:00:00","guid":{"rendered":"https:\/\/sergegirard.com\/5continents-eurasie\/2006\/01\/14\/j28-1-14-2006\/"},"modified":"2006-01-14T00:00:00","modified_gmt":"2006-01-13T23:00:00","slug":"j28-1-14-2006","status":"publish","type":"post","link":"https:\/\/sergegirard.com\/5continents-eurasie\/2006\/01\/14\/j28-1-14-2006\/","title":{"rendered":"J28 &#8211; 1\/14\/2006"},"content":{"rendered":"<div class=\"galPhoto\">\n<div align=\"center\"><img decoding=\"async\" class=\"photoCourse\" src=\"https:\/\/sergegirard.com\/5continents-eurasie\/wp-content\/uploads\/sites\/11\/2024\/02\/28_146.jpg\"><span class=\"clic-image\"><br \/>Peu de place pour courir<\/span><\/div>\n<div align=\"center\"><img decoding=\"async\"  class=\"photoCourse\" src=\"https:\/\/sergegirard.com\/5continents-eurasie\/wp-content\/uploads\/sites\/11\/2024\/02\/28_147.jpg\"><span class=\"clic-image\"><br \/>Attention danger<\/span><\/div>\n<div align=\"center\"><img decoding=\"async\"  class=\"photoCourse\" src=\"https:\/\/sergegirard.com\/5continents-eurasie\/wp-content\/uploads\/sites\/11\/2024\/02\/28_148.jpg\"><span class=\"clic-image\"><br \/>Villa Manin aux abords de Codroipo<\/span><\/div>\n<div align=\"center\"><img decoding=\"async\"  class=\"photoCourse\" src=\"https:\/\/sergegirard.com\/5continents-eurasie\/wp-content\/uploads\/sites\/11\/2024\/02\/28_165.jpg\"><span class=\"clic-image\"><br \/>Cr\u00e9dit photo Thomas Crabot<\/span><\/div>\n<div align=\"center\"><img decoding=\"async\"  class=\"photoCourse\" src=\"https:\/\/sergegirard.com\/5continents-eurasie\/wp-content\/uploads\/sites\/11\/2024\/02\/28_166.jpg\"><span class=\"clic-image\"><br \/>Cr\u00e9dit photo Thomas Crabot<\/span><\/div>\n<div align=\"center\"><img decoding=\"async\"  class=\"photoCourse\" src=\"https:\/\/sergegirard.com\/5continents-eurasie\/wp-content\/uploads\/sites\/11\/2024\/02\/28_167.jpg\"><span class=\"clic-image\"><br \/>Cr\u00e9dit photo Thomas Crabot<\/span><\/div>\n<div align=\"center\"><img decoding=\"async\"  class=\"photoCourse\" src=\"https:\/\/sergegirard.com\/5continents-eurasie\/wp-content\/uploads\/sites\/11\/2024\/02\/28_168.jpg\"><span class=\"clic-image\"><br \/>Cr\u00e9dit photo Thomas Crabot<\/span><\/div>\n<div align=\"center\"><img decoding=\"async\"  class=\"photoCourse\" src=\"https:\/\/sergegirard.com\/5continents-eurasie\/wp-content\/uploads\/sites\/11\/2024\/02\/28_169.jpg\"><span class=\"clic-image\"><br \/>Cr\u00e9dit photo Thomas Crabot<\/span><\/div>\n<\/div>\n<h4 class=\"h4-1\">J28 &#8211; 70.5Km<\/h4>\n<h5 class=\"h5-2\">SAMEDI 14 JANVIER<br \/>SAN VITO AL TAGLIAMENTO &#8211; MONTFALCONE (18km avant Trieste)<br \/>70.5km &#8211; 9H45 <br \/><\/h5>\n<div id=\"descin\">\n<p style=\"margin-bottom: 0cm;\">Le chiffre du jour : 2000.4km, comme dit Serge : \u00ab&nbsp;voici 10% de fait&nbsp;\u00bb.<\/p>\n<p style=\"margin-bottom: 0cm;\">Serge a voulu atteindre son but au plus vite pour arriver avant la nuit mais celle-ci l&rsquo;a rattrap\u00e9 avant sa fin d\u2019\u00e9tape.<\/p>\n<p style=\"margin-bottom: 0cm;\">Il nous a dit avoir faim dans l\u2019apr\u00e8s-midi. Ceci nous met en garde, il ne mange pas assez. Il va falloir rectifier ou tout du moins am\u00e9liorer sa prise \u00e9nerg\u00e9tique.<\/p>\n<p style=\"margin-bottom: 0cm;\">Ce week-end est un peu mouvement\u00e9&nbsp;: arriv\u00e9e pour 2 jours de St\u00e9phanie et Thomas Crabot qui \u00e9taient d\u00e9j\u00e0 venus nous rendre une visite dans les Vosges. Pascal s\u2019en va et Fran\u00e7ois arrive demain dimanche pour le remplacer. Nous attendons des invit\u00e9s un peu sp\u00e9ciaux mais \u00e7a je vous en parlerai demain.<\/p>\n<p style=\"margin-bottom: 0cm;\">L\u2019\u00e9quipe tient bon, malgr\u00e9 des journ\u00e9es un peu difficiles parfois lorsque peu de choses fonctionnent comme vous le souhaitez. Dans ces cas l\u00e0, on se dit que demain sera un autre jour.<\/p>\n<\/p><\/div>\n<\/p><\/div>\n<p>        <br class=\"clear\">      <\/div>\n<p id=\"closingbar\">L&rsquo;INCROYABLE D\u00c9FI DE SERGE GIRARD<\/p>\n<\/p><\/div>\n<\/div>\n","protected":false},"excerpt":{"rendered":"<p>Peu de place pour courir Attention danger Villa Manin aux abords de Codroipo Cr\u00e9dit photo Thomas Crabot Cr\u00e9dit photo Thomas Crabot Cr\u00e9dit photo Thomas Crabot Cr\u00e9dit photo Thomas Crabot Cr\u00e9dit photo Thomas Crabot J28 &#8211; 70.5Km SAMEDI 14 JANVIERSAN VITO AL TAGLIAMENTO &#8211; MONTFALCONE (18km avant Trieste)70.5km &#8211; 9H45 Le chiffre du jour : 2000.4km, [&hellip;]<\/p>\n","protected":false},"author":1,"featured_media":0,"comment_status":"open","ping_status":"open","sticky":false,"template":"","format":"standard","meta":{"_et_pb_use_builder":"","_et_pb_old_content":"","_et_gb_content_width":"","footnotes":""},"categories":[1],"tags":[],"class_list":["post-2250","post","type-post","status-publish","format-standard","hentry","category-non-classe"],"_links":{"self":[{"href":"https:\/\/sergegirard.com\/5continents-eurasie\/wp-json\/wp\/v2\/posts\/2250","targetHints":{"allow":["GET"]}}],"collection":[{"href":"https:\/\/sergegirard.com\/5continents-eurasie\/wp-json\/wp\/v2\/posts"}],"about":[{"href":"https:\/\/sergegirard.com\/5continents-eurasie\/wp-json\/wp\/v2\/types\/post"}],"author":[{"embeddable":true,"href":"https:\/\/sergegirard.com\/5continents-eurasie\/wp-json\/wp\/v2\/users\/1"}],"replies":[{"embeddable":true,"href":"https:\/\/sergegirard.com\/5continents-eurasie\/wp-json\/wp\/v2\/comments?post=2250"}],"version-history":[{"count":0,"href":"https:\/\/sergegirard.com\/5continents-eurasie\/wp-json\/wp\/v2\/posts\/2250\/revisions"}],"wp:attachment":[{"href":"https:\/\/sergegirard.com\/5continents-eurasie\/wp-json\/wp\/v2\/media?parent=2250"}],"wp:term":[{"taxonomy":"category","embeddable":true,"href":"https:\/\/sergegirard.com\/5continents-eurasie\/wp-json\/wp\/v2\/categories?post=2250"},{"taxonomy":"post_tag","embeddable":true,"href":"https:\/\/sergegirard.com\/5continents-eurasie\/wp-json\/wp\/v2\/tags?post=2250"}],"curies":[{"name":"wp","href":"https:\/\/api.w.org\/{rel}","templated":true}]}}