{"id":2252,"date":"2005-12-20T00:00:00","date_gmt":"2005-12-19T23:00:00","guid":{"rendered":"https:\/\/sergegirard.com\/5continents-eurasie\/2005\/12\/20\/j3-12-20-2005\/"},"modified":"2005-12-20T00:00:00","modified_gmt":"2005-12-19T23:00:00","slug":"j3-12-20-2005","status":"publish","type":"post","link":"https:\/\/sergegirard.com\/5continents-eurasie\/2005\/12\/20\/j3-12-20-2005\/","title":{"rendered":"J3 &#8211; 12\/20\/2005"},"content":{"rendered":"<div class=\"galPhoto\">\n<div align=\"center\"><img decoding=\"async\" class=\"photoCourse\" src=\"https:\/\/sergegirard.com\/5continents-eurasie\/wp-content\/uploads\/sites\/11\/2024\/02\/3_16.jpg\"><span class=\"clic-image\"><br \/>Accueil \u00e0 St-Pa\u00ebr<\/span><\/div>\n<div align=\"center\"><img decoding=\"async\"  class=\"photoCourse\" src=\"https:\/\/sergegirard.com\/5continents-eurasie\/wp-content\/uploads\/sites\/11\/2024\/02\/3_17.jpg\"><span class=\"clic-image\"><br \/>Serge court accompagn\u00e9<\/span><\/div>\n<div align=\"center\"><img decoding=\"async\"  class=\"photoCourse\" src=\"https:\/\/sergegirard.com\/5continents-eurasie\/wp-content\/uploads\/sites\/11\/2024\/02\/3_18.jpg\"><span class=\"clic-image\"><br \/>Virginie pose pour la photo aux c\u00f4t\u00e9s de Serge<\/span><\/div>\n<div align=\"center\"><img decoding=\"async\"  class=\"photoCourse\" src=\"https:\/\/sergegirard.com\/5continents-eurasie\/wp-content\/uploads\/sites\/11\/2024\/02\/3_19.jpg\"><span class=\"clic-image\"><br \/>Les jeunes de Bolbec, dont certains coureurs<\/span><\/div>\n<div align=\"center\"><img decoding=\"async\"  class=\"photoCourse\" src=\"https:\/\/sergegirard.com\/5continents-eurasie\/wp-content\/uploads\/sites\/11\/2024\/02\/3_20.jpg\"><span class=\"clic-image\"><br \/>M. Adeline (maire de notre commune de Grainville-Ymauville) et son \u00e9pouse \u00e0 l&rsquo;arriv\u00e9<\/span><\/div>\n<\/div>\n<h4 class=\"h4-1\">J3 &#8211; 70.3Km<\/h4>\n<h5 class=\"h5-2\">BONSECOURS &#8211; BREAUTE<br \/>70.3km &#8211; 9H59 <br \/>Brouillard<\/h5>\n<div id=\"descin\">\n<p class=\"MsoNormal\">Quelle journ\u00e9e riche en rencontres : Cela a d\u00e9but\u00e9 au d\u00e9part de Bonsecours par un caf\u00e9 et quelques viennoiseries offerts par la mairie de Bonsecours avant d\u2019affronter le brouillard givrant et les temp\u00e9ratures n\u00e9gatives du&nbsp; petit matin.<\/p>\n<p class=\"MsoNormal\">Le v\u00e9hicule d\u2019assistance est compos\u00e9 de 3 personnes&nbsp;: Virginie, Rapha\u00ebl et Christophe. Virginie est venue de Paris pour suivre Serge sur une journ\u00e9e de course et m\u00eame courir avec lui. Elle est responsable de l\u2019entreprise Deleage Expansion, un des partenaires de cette exp\u00e9dition.<o:p><br \/><\/o:p><\/p>\n<p class=\"MsoNormal\"><o:p><\/o:p>Les 3 suiveurs et Serge arrivent sur Saint-Pa\u00ebr \u00e0 11H00. Les attend alors un accueil des plus chaleureux organis\u00e9 par le comit\u00e9 des 30 bornes de St-Pa\u00ebr. Au rendez-vous, un vin chaud tr\u00e8s r\u00e9confortant qui rebooste toute notre petite \u00e9quipe qui repart avec un t-shirt et un sweat souvenir. <\/p>\n<p class=\"MsoNormal\">Sur les photos vous verrez donc Serge souvent arr\u00eat\u00e9 d\u2019autant que l\u2019arriv\u00e9e \u00e0 Breaut\u00e9 est pr\u00e9vue \u00e0 17H30. Serge ralentira le rythme afin d\u2019arriver \u00e0 l\u2019heure dite sous les applaudissements d\u2019une centaine de personnes.<o:p><br \/><\/o:p><\/p>\n<p class=\"MsoNormal\"><o:p><\/o:p>L\u2019ambiance bat son plein dans la salle des f\u00eates de Breaut\u00e9 autour d\u2019un vin chaud et oui un deuxi\u00e8me pour notre \u00e9quipe mais on ne s\u2019en lasse pas.<br \/>Serge aura gard\u00e9 le sourire toute la journ\u00e9e, le visage serein et d\u00e9rid\u00e9&nbsp;: heureux du partage de ces quelques kilom\u00e8tres sur nos terres normandes.<o:p><br \/><\/o:p><\/p>\n<p class=\"MsoNormal\"><o:p><\/o:p>Ce soir, nous dormons \u00e0 la maison apr\u00e8s avoir \u00e9t\u00e9 accueillis 2 nuits par les h\u00f4tels Mercure de Meulan et de Rouen Champ de Mars. Ce retour permet de finaliser les derniers pr\u00e9paratifs pour l\u2019envol de 9 mois qui va nous mener \u00e0 Tokyo.<\/p>\n<\/p><\/div>\n<\/p><\/div>\n<p>        <br class=\"clear\">      <\/div>\n<p id=\"closingbar\">L&rsquo;INCROYABLE D\u00c9FI DE SERGE GIRARD<\/p>\n<\/p><\/div>\n<\/div>\n","protected":false},"excerpt":{"rendered":"<p>Accueil \u00e0 St-Pa\u00ebr Serge court accompagn\u00e9 Virginie pose pour la photo aux c\u00f4t\u00e9s de Serge Les jeunes de Bolbec, dont certains coureurs M. Adeline (maire de notre commune de Grainville-Ymauville) et son \u00e9pouse \u00e0 l&rsquo;arriv\u00e9 J3 &#8211; 70.3Km BONSECOURS &#8211; BREAUTE70.3km &#8211; 9H59 Brouillard Quelle journ\u00e9e riche en rencontres : Cela a d\u00e9but\u00e9 au d\u00e9part [&hellip;]<\/p>\n","protected":false},"author":1,"featured_media":0,"comment_status":"open","ping_status":"open","sticky":false,"template":"","format":"standard","meta":{"_et_pb_use_builder":"","_et_pb_old_content":"","_et_gb_content_width":"","footnotes":""},"categories":[1],"tags":[],"class_list":["post-2252","post","type-post","status-publish","format-standard","hentry","category-non-classe"],"_links":{"self":[{"href":"https:\/\/sergegirard.com\/5continents-eurasie\/wp-json\/wp\/v2\/posts\/2252","targetHints":{"allow":["GET"]}}],"collection":[{"href":"https:\/\/sergegirard.com\/5continents-eurasie\/wp-json\/wp\/v2\/posts"}],"about":[{"href":"https:\/\/sergegirard.com\/5continents-eurasie\/wp-json\/wp\/v2\/types\/post"}],"author":[{"embeddable":true,"href":"https:\/\/sergegirard.com\/5continents-eurasie\/wp-json\/wp\/v2\/users\/1"}],"replies":[{"embeddable":true,"href":"https:\/\/sergegirard.com\/5continents-eurasie\/wp-json\/wp\/v2\/comments?post=2252"}],"version-history":[{"count":0,"href":"https:\/\/sergegirard.com\/5continents-eurasie\/wp-json\/wp\/v2\/posts\/2252\/revisions"}],"wp:attachment":[{"href":"https:\/\/sergegirard.com\/5continents-eurasie\/wp-json\/wp\/v2\/media?parent=2252"}],"wp:term":[{"taxonomy":"category","embeddable":true,"href":"https:\/\/sergegirard.com\/5continents-eurasie\/wp-json\/wp\/v2\/categories?post=2252"},{"taxonomy":"post_tag","embeddable":true,"href":"https:\/\/sergegirard.com\/5continents-eurasie\/wp-json\/wp\/v2\/tags?post=2252"}],"curies":[{"name":"wp","href":"https:\/\/api.w.org\/{rel}","templated":true}]}}