{"id":2256,"date":"2006-01-19T00:00:00","date_gmt":"2006-01-18T23:00:00","guid":{"rendered":"https:\/\/sergegirard.com\/5continents-eurasie\/2006\/01\/19\/j33-1-19-2006\/"},"modified":"2006-01-19T00:00:00","modified_gmt":"2006-01-18T23:00:00","slug":"j33-1-19-2006","status":"publish","type":"post","link":"https:\/\/sergegirard.com\/5continents-eurasie\/2006\/01\/19\/j33-1-19-2006\/","title":{"rendered":"J33 &#8211; 1\/19\/2006"},"content":{"rendered":"<div class=\"galPhoto\">\n<div align=\"center\"><img decoding=\"async\" class=\"photoCourse\" src=\"https:\/\/sergegirard.com\/5continents-eurasie\/wp-content\/uploads\/sites\/11\/2024\/02\/33_192.jpg\"><span class=\"clic-image\"><br \/><\/span><\/div>\n<div align=\"center\"><img decoding=\"async\"  class=\"photoCourse\" src=\"https:\/\/sergegirard.com\/5continents-eurasie\/wp-content\/uploads\/sites\/11\/2024\/02\/33_193.jpg\"><span class=\"clic-image\"><br \/><\/span><\/div>\n<div align=\"center\"><img decoding=\"async\"  class=\"photoCourse\" src=\"https:\/\/sergegirard.com\/5continents-eurasie\/wp-content\/uploads\/sites\/11\/2024\/02\/33_194.jpg\"><span class=\"clic-image\"><br \/><\/span><\/div>\n<div align=\"center\"><img decoding=\"async\"  class=\"photoCourse\" src=\"https:\/\/sergegirard.com\/5continents-eurasie\/wp-content\/uploads\/sites\/11\/2024\/02\/33_195.jpg\"><span class=\"clic-image\"><br \/><\/span><\/div>\n<div align=\"center\"><img decoding=\"async\"  class=\"photoCourse\" src=\"https:\/\/sergegirard.com\/5continents-eurasie\/wp-content\/uploads\/sites\/11\/2024\/02\/33_196.jpg\"><span class=\"clic-image\"><br \/><\/span><\/div>\n<\/div>\n<h4 class=\"h4-1\">J33 &#8211; 74.4Km<\/h4>\n<h5 class=\"h5-2\">JEUDI 19 JANVIER<br \/>SELINE &#8211; N43 49.563 E15 46.908 (14km avant Sebenik)<br \/>74.4km &#8211; 9H46 <\/h5>\n<div id=\"descin\">\n<p style=\"margin-bottom: 0cm;\">Petit rectificatif&nbsp;: le reportage sur \u00ab&nbsp;7 \u00e0 8&nbsp;\u00bb est remis au dimanche 29 janvier, il faudra encore patienter un peu.<\/p>\n<p style=\"margin-bottom: 0cm;\"><\/p>\n<p style=\"margin-bottom: 0cm;\">Le soleil vient de se lever, encore une belle journ\u00e9e\u2026.ouf, les pieds de Serge commen\u00e7aient \u00e0 \u00eatre fl\u00e9tris.<\/p>\n<p style=\"margin-bottom: 0cm;\">Nous contemplons un paysage splendide, m\u00e9tamorphos\u00e9 par le soleil qui nous permet d\u2019admirer les sommets enneig\u00e9s du massif \u00ab&nbsp;Velebit&nbsp;\u00bb dont le point culminant est \u00e0 1747m. Si pr\u00e8s de la mer ce panorama est remarquable.<\/p>\n<p style=\"margin-bottom: 0cm;\">Puis nous quittons la c\u00f4te pour passer un peu plus au nord de Zadar en direction de la ville de Sebenik. Nous longerons ensuite la c\u00f4te jusqu\u2019\u00e0 Split puis Dubrovnik.<\/p>\n<p style=\"margin-bottom: 0cm;\">Sur quelques kilom\u00e8tres, la campagne s\u2019offre \u00e0 nous&nbsp;: vignes, arbres fruitiers, oliviers, petits troupeaux de ch\u00e8vres et de moutons. Les villages sont d\u00e9serts&nbsp;: o\u00f9 sont les habitants&nbsp;? Nous croisons quelques maisons en ruines et cribl\u00e9es d\u2019impact de balles, t\u00e9moignage d\u2019un pass\u00e9 encore proche. Les habitations sont soient flambant neuves ou abandonn\u00e9es. Tout cela laisse une dr\u00f4le d\u2019impression.  <\/p>\n<p style=\"margin-bottom: 0cm;\">Serge lui, profite du soleil et de la douceur du climat&nbsp;(16\u00b0C) pour avancer, d\u2019humeur toujours \u00e9gale, peu bavard.  <\/p>\n<\/p><\/div>\n<\/p><\/div>\n<p>        <br class=\"clear\">      <\/div>\n<p id=\"closingbar\">L&rsquo;INCROYABLE D\u00c9FI DE SERGE GIRARD<\/p>\n<\/p><\/div>\n<\/div>\n","protected":false},"excerpt":{"rendered":"<p>J33 &#8211; 74.4Km JEUDI 19 JANVIERSELINE &#8211; N43 49.563 E15 46.908 (14km avant Sebenik)74.4km &#8211; 9H46 Petit rectificatif&nbsp;: le reportage sur \u00ab&nbsp;7 \u00e0 8&nbsp;\u00bb est remis au dimanche 29 janvier, il faudra encore patienter un peu. Le soleil vient de se lever, encore une belle journ\u00e9e\u2026.ouf, les pieds de Serge commen\u00e7aient \u00e0 \u00eatre fl\u00e9tris. Nous [&hellip;]<\/p>\n","protected":false},"author":1,"featured_media":0,"comment_status":"open","ping_status":"open","sticky":false,"template":"","format":"standard","meta":{"_et_pb_use_builder":"","_et_pb_old_content":"","_et_gb_content_width":"","footnotes":""},"categories":[1],"tags":[],"class_list":["post-2256","post","type-post","status-publish","format-standard","hentry","category-non-classe"],"_links":{"self":[{"href":"https:\/\/sergegirard.com\/5continents-eurasie\/wp-json\/wp\/v2\/posts\/2256","targetHints":{"allow":["GET"]}}],"collection":[{"href":"https:\/\/sergegirard.com\/5continents-eurasie\/wp-json\/wp\/v2\/posts"}],"about":[{"href":"https:\/\/sergegirard.com\/5continents-eurasie\/wp-json\/wp\/v2\/types\/post"}],"author":[{"embeddable":true,"href":"https:\/\/sergegirard.com\/5continents-eurasie\/wp-json\/wp\/v2\/users\/1"}],"replies":[{"embeddable":true,"href":"https:\/\/sergegirard.com\/5continents-eurasie\/wp-json\/wp\/v2\/comments?post=2256"}],"version-history":[{"count":0,"href":"https:\/\/sergegirard.com\/5continents-eurasie\/wp-json\/wp\/v2\/posts\/2256\/revisions"}],"wp:attachment":[{"href":"https:\/\/sergegirard.com\/5continents-eurasie\/wp-json\/wp\/v2\/media?parent=2256"}],"wp:term":[{"taxonomy":"category","embeddable":true,"href":"https:\/\/sergegirard.com\/5continents-eurasie\/wp-json\/wp\/v2\/categories?post=2256"},{"taxonomy":"post_tag","embeddable":true,"href":"https:\/\/sergegirard.com\/5continents-eurasie\/wp-json\/wp\/v2\/tags?post=2256"}],"curies":[{"name":"wp","href":"https:\/\/api.w.org\/{rel}","templated":true}]}}