{"id":2258,"date":"2006-01-21T00:00:00","date_gmt":"2006-01-20T23:00:00","guid":{"rendered":"https:\/\/sergegirard.com\/5continents-eurasie\/2006\/01\/21\/j35-1-21-2006\/"},"modified":"2006-01-21T00:00:00","modified_gmt":"2006-01-20T23:00:00","slug":"j35-1-21-2006","status":"publish","type":"post","link":"https:\/\/sergegirard.com\/5continents-eurasie\/2006\/01\/21\/j35-1-21-2006\/","title":{"rendered":"J35 &#8211; 1\/21\/2006"},"content":{"rendered":"<div class=\"galPhoto\">\n<div align=\"center\"><img decoding=\"async\" class=\"photoCourse\" src=\"https:\/\/sergegirard.com\/5continents-eurasie\/wp-content\/uploads\/sites\/11\/2024\/02\/35_210.jpg\"><span class=\"clic-image\"><br \/>Lev\u00e9 de soleil sur Kastel<\/span><\/div>\n<div align=\"center\"><img decoding=\"async\"  class=\"photoCourse\" src=\"https:\/\/sergegirard.com\/5continents-eurasie\/wp-content\/uploads\/sites\/11\/2024\/02\/35_211.jpg\"><span class=\"clic-image\"><br \/>A nous Dubrovnik<\/span><\/div>\n<div align=\"center\"><img decoding=\"async\"  class=\"photoCourse\" src=\"https:\/\/sergegirard.com\/5continents-eurasie\/wp-content\/uploads\/sites\/11\/2024\/02\/35_212.jpg\"><span class=\"clic-image\"><br \/>Les voiliers de Krilo<\/span><\/div>\n<div align=\"center\"><img decoding=\"async\"  class=\"photoCourse\" src=\"https:\/\/sergegirard.com\/5continents-eurasie\/wp-content\/uploads\/sites\/11\/2024\/02\/35_213.jpg\"><span class=\"clic-image\"><br \/>Passage de Serge \u00e0 Krilo<\/span><\/div>\n<div align=\"center\"><img decoding=\"async\"  class=\"photoCourse\" src=\"https:\/\/sergegirard.com\/5continents-eurasie\/wp-content\/uploads\/sites\/11\/2024\/02\/35_214.jpg\"><span class=\"clic-image\"><br \/>Fran\u00e7ois cascadeur<\/span><\/div>\n<\/div>\n<h4 class=\"h4-1\">J35 &#8211; 70.2Km<\/h4>\n<h5 class=\"h5-2\">SAMEDI 21 JANVIER<br \/>KASTEL (15km avant Split) &#8211; MAKARSKA<br \/>70,2km &#8211; 10H15 <\/h5>\n<div id=\"descin\">\n<p style=\"margin-bottom: 0cm;\">Le jour se l\u00e8ve \u00e0 7H00 et la nuit tombe \u00e0 17H15. Serge est parti \u00e0 7H35\u2019, le lever de soleil sur la mer est un plaisir pour les yeux. Nous contournons la ville Split vers 9H00 et nous apercevons au loin de grands immeubles blancs. Sans doute existe-t-il une vieille ville que nous ne verrons pas.  <\/p>\n<p style=\"margin-bottom: 0cm;\">Puis nous longeons \u00e0 nouveau la mer, nous admirons les beaux voiliers de plaisance \u00e0 Krilo; les ouvriers s\u2019activent pour leur rendre leur \u00e9clat en vue de la saison estivale.  <\/p>\n<p style=\"margin-bottom: 0cm;\">Le trafic est assez important et cette route N\u00b08 n\u2019a pas de bas c\u00f4t\u00e9s. Nous d\u00e9cidons de prendre un itin\u00e9raire bis de 11km par une minuscule route qui grimpe puis redescend par une piste. De l\u00e0 le panorama est saisissant et nous admirons les petites maisons nich\u00e9es \u00e0 flanc de montagne. Il est 13H00, et  au dessus de la montagne qui nous fait face, les nuages s\u2019accumulent. En une heure de temps, le ciel est couvert, \u00e0 16H00 il crachine. Serge, qui a couru une bonne partie de la journ\u00e9e en sous-pull, rechigne \u00e0 se couvrir mais \u00e0 16H15 il se tord de douleur : il a mal au ventre. Il r\u00e9cup\u00e8re 5 minutes au chaud dans le 4&#215;4, la chaleur lui fait du bien, la douleur passe il repart. Cela fait 3 fois depuis le d\u00e9part qu\u2019il se fait surprendre par le froid mais comme il est un peu t\u00eatu, il attend toujours avant de se couvrir, malgr\u00e9 les suiveurs qui lui proposent blouson ou k-way. Il terminera ces 7 derniers kilom\u00e8tres en marchant bon gr\u00e9 malgr\u00e9 pendant 1H15\u2019.<\/p>\n<p style=\"margin-bottom: 0cm;\">Serge a pris un bain ce soir (une fois n\u2019est pas coutume) qui l\u2019a remis sur pied. Il est fatigu\u00e9 et a du mal \u00e0 trouver l\u2019app\u00e9tit, il faut lui faire la guerre mais \u00e7a ne change pas grand-chose.<\/p>\n<p style=\"margin-bottom: 0cm;\"><\/p>\n<p style=\"margin-bottom: 0cm;\">Merci \u00e0 Eliane et Ren\u00e9 pour les photos de ce jour.  <\/p>\n<\/p><\/div>\n<\/p><\/div>\n<p>        <br class=\"clear\">      <\/div>\n<p id=\"closingbar\">L&rsquo;INCROYABLE D\u00c9FI DE SERGE GIRARD<\/p>\n<\/p><\/div>\n<\/div>\n","protected":false},"excerpt":{"rendered":"<p>Lev\u00e9 de soleil sur Kastel A nous Dubrovnik Les voiliers de Krilo Passage de Serge \u00e0 Krilo Fran\u00e7ois cascadeur J35 &#8211; 70.2Km SAMEDI 21 JANVIERKASTEL (15km avant Split) &#8211; MAKARSKA70,2km &#8211; 10H15 Le jour se l\u00e8ve \u00e0 7H00 et la nuit tombe \u00e0 17H15. Serge est parti \u00e0 7H35\u2019, le lever de soleil sur la [&hellip;]<\/p>\n","protected":false},"author":1,"featured_media":0,"comment_status":"open","ping_status":"open","sticky":false,"template":"","format":"standard","meta":{"_et_pb_use_builder":"","_et_pb_old_content":"","_et_gb_content_width":"","footnotes":""},"categories":[1],"tags":[],"class_list":["post-2258","post","type-post","status-publish","format-standard","hentry","category-non-classe"],"_links":{"self":[{"href":"https:\/\/sergegirard.com\/5continents-eurasie\/wp-json\/wp\/v2\/posts\/2258","targetHints":{"allow":["GET"]}}],"collection":[{"href":"https:\/\/sergegirard.com\/5continents-eurasie\/wp-json\/wp\/v2\/posts"}],"about":[{"href":"https:\/\/sergegirard.com\/5continents-eurasie\/wp-json\/wp\/v2\/types\/post"}],"author":[{"embeddable":true,"href":"https:\/\/sergegirard.com\/5continents-eurasie\/wp-json\/wp\/v2\/users\/1"}],"replies":[{"embeddable":true,"href":"https:\/\/sergegirard.com\/5continents-eurasie\/wp-json\/wp\/v2\/comments?post=2258"}],"version-history":[{"count":0,"href":"https:\/\/sergegirard.com\/5continents-eurasie\/wp-json\/wp\/v2\/posts\/2258\/revisions"}],"wp:attachment":[{"href":"https:\/\/sergegirard.com\/5continents-eurasie\/wp-json\/wp\/v2\/media?parent=2258"}],"wp:term":[{"taxonomy":"category","embeddable":true,"href":"https:\/\/sergegirard.com\/5continents-eurasie\/wp-json\/wp\/v2\/categories?post=2258"},{"taxonomy":"post_tag","embeddable":true,"href":"https:\/\/sergegirard.com\/5continents-eurasie\/wp-json\/wp\/v2\/tags?post=2258"}],"curies":[{"name":"wp","href":"https:\/\/api.w.org\/{rel}","templated":true}]}}