{"id":2262,"date":"2006-01-25T00:00:00","date_gmt":"2006-01-24T23:00:00","guid":{"rendered":"https:\/\/sergegirard.com\/5continents-eurasie\/2006\/01\/25\/j39-1-25-2006\/"},"modified":"2006-01-25T00:00:00","modified_gmt":"2006-01-24T23:00:00","slug":"j39-1-25-2006","status":"publish","type":"post","link":"https:\/\/sergegirard.com\/5continents-eurasie\/2006\/01\/25\/j39-1-25-2006\/","title":{"rendered":"J39 &#8211; 1\/25\/2006"},"content":{"rendered":"<div class=\"galPhoto\">\n<div align=\"center\"><img decoding=\"async\" class=\"photoCourse\" src=\"https:\/\/sergegirard.com\/5continents-eurasie\/wp-content\/uploads\/sites\/11\/2024\/02\/39_232.jpg\"><span class=\"clic-image\"><br \/>Et non ce n&rsquo;est pas un vrai!<\/span><\/div>\n<div align=\"center\"><img decoding=\"async\"  class=\"photoCourse\" src=\"https:\/\/sergegirard.com\/5continents-eurasie\/wp-content\/uploads\/sites\/11\/2024\/02\/39_233.jpg\"><span class=\"clic-image\"><br \/>Ravitaillement group\u00e9 : caf\u00e9 et croissant sous-vide fourr\u00e9 au chocolat<\/span><\/div>\n<div align=\"center\"><img decoding=\"async\"  class=\"photoCourse\" src=\"https:\/\/sergegirard.com\/5continents-eurasie\/wp-content\/uploads\/sites\/11\/2024\/02\/39_234.jpg\"><span class=\"clic-image\"><br \/>Il n&rsquo;y a pas que la m\u00e9canique humaine \u00e0 bien huil\u00e9<\/span><\/div>\n<div align=\"center\"><img decoding=\"async\"  class=\"photoCourse\" src=\"https:\/\/sergegirard.com\/5continents-eurasie\/wp-content\/uploads\/sites\/11\/2024\/02\/39_235.jpg\"><span class=\"clic-image\"><br \/>Le village de Perast<\/span><\/div>\n<div align=\"center\"><img decoding=\"async\"  class=\"photoCourse\" src=\"https:\/\/sergegirard.com\/5continents-eurasie\/wp-content\/uploads\/sites\/11\/2024\/02\/39_236.jpg\"><span class=\"clic-image\"><br \/>La roka de Kotor<\/span><\/div>\n<div align=\"center\"><img decoding=\"async\"  class=\"photoCourse\" src=\"https:\/\/sergegirard.com\/5continents-eurasie\/wp-content\/uploads\/sites\/11\/2024\/02\/39_237.jpg\"><span class=\"clic-image\"><br \/>Vive la pub<\/span><\/div>\n<div align=\"center\"><img decoding=\"async\"  class=\"photoCourse\" src=\"https:\/\/sergegirard.com\/5continents-eurasie\/wp-content\/uploads\/sites\/11\/2024\/02\/39_238.jpg\"><span class=\"clic-image\"><br \/>Apr\u00e8s Kotor, \u00e7a grimpe<\/span><\/div>\n<div align=\"center\"><img decoding=\"async\"  class=\"photoCourse\" src=\"https:\/\/sergegirard.com\/5continents-eurasie\/wp-content\/uploads\/sites\/11\/2024\/02\/39_239.jpg\"><span class=\"clic-image\"><br \/>Et puis \u00e7a redescent<\/span><\/div>\n<\/div>\n<h4 class=\"h4-1\">J39 &#8211; 70.3Km<\/h4>\n<h5 class=\"h5-2\">MERCREDI 25 JANVIER<br \/>KAMENARI  ( point GPS : N42 28.319 E18 40.838 ) &#8211; N42 18.336 E18 54.838 (+15km apr\u00e8s Budva)<br \/>70.3km &#8211; 10H50 <\/h5>\n<div id=\"descin\">\n<p style=\"margin-bottom: 0cm;\">Notre premi\u00e8re \u00e9tape purement mont\u00e9n\u00e9grine fut des plus charmantes&nbsp;: un ciel bleu et quelques degr\u00e9s au dessus de 0, et plus de vent une fois pass\u00e9 Kotor. Mais de quoi nous plaignons nous alors qu\u2019une vague de froid s\u00e9vit sur toute l\u2019Europe et m\u00eame au-del\u00e0. M\u00eame si les mont\u00e9n\u00e9grins semblent nous dire que ce froid est tr\u00e8s rare chez eux, nous sommes bien lotis.  <\/p>\n<p style=\"margin-bottom: 0cm;\">Le paysage est splendide et comme beaucoup d\u2019entre vous (dixit messages internet), nous r\u00e9visons notre g\u00e9ographie. Le Mont\u00e9n\u00e9gro fait partie du pays Serbie-Mont\u00e9n\u00e9gro dont la capitale est Belgrade. En 2003, la r\u00e9publique f\u00e9d\u00e9rale de Yougoslavie se transforme en Serbie-Mont\u00e9n\u00e9gro avec une parit\u00e9 d\u00e9sormais entre la Serbie et le Mont\u00e9n\u00e9gro dans les instances f\u00e9d\u00e9rales. Cependant, ces deux pays n\u2019ont pas la m\u00eame monnaie&nbsp;: le dinar pour la Serbie et l\u2019euro pour le Mont\u00e9n\u00e9gro. Nous n\u2019avons donc aucun probl\u00e8me de change dans ce pays grandeur nature o\u00f9 en une journ\u00e9e vous pouvez aller faire du ski et aller vous baigner. Le Mont\u00e9n\u00e9gro est effectivement r\u00e9put\u00e9 pour ses stations de sports d\u2019hiver et \u00e0 la lecture du guide nous apprenons que la c\u00f4te apr\u00e8s Budva, o\u00f9 nous logeons ce soir, est tr\u00e8s pris\u00e9e des stars&nbsp;:  Jonnhy Depp aurait une villa dans le coin et le Mar\u00e9chal Tito avait une r\u00e9sidence sur la presqu\u2019\u00eele de Sveti Stefan. En d\u00e9finitif, nous d\u00e9couvrons un pays peu connu chez nous, riche en histoire et aux attraits touristiques non n\u00e9gligeables.<\/p>\n<p style=\"margin-bottom: 0cm;\">Tout cela ne nous fait pas oublier que notre Serge a toujours mal \u00e0 la jambe droite.  Il tra\u00eene une douleur de type cruralgie qui ce matin lui a fait alterner marche et course les 2 premi\u00e8res heures. Il nous dit trouver un certain confort dans les mont\u00e9es. Des mont\u00e9es il y en a pas mal puisqu\u2019apr\u00e8s Budva, nous empruntons la route qui m\u00e8ne \u00e0 Cetinje avec une c\u00f4te de 15 km du niveau de la mer pour atteindre les 820 m d\u2019altitude.<\/p>\n<\/p><\/div>\n<\/p><\/div>\n<p>        <br class=\"clear\">      <\/div>\n<p id=\"closingbar\">L&rsquo;INCROYABLE D\u00c9FI DE SERGE GIRARD<\/p>\n<\/p><\/div>\n<\/div>\n","protected":false},"excerpt":{"rendered":"<p>Et non ce n&rsquo;est pas un vrai! Ravitaillement group\u00e9 : caf\u00e9 et croissant sous-vide fourr\u00e9 au chocolat Il n&rsquo;y a pas que la m\u00e9canique humaine \u00e0 bien huil\u00e9 Le village de Perast La roka de Kotor Vive la pub Apr\u00e8s Kotor, \u00e7a grimpe Et puis \u00e7a redescent J39 &#8211; 70.3Km MERCREDI 25 JANVIERKAMENARI ( point [&hellip;]<\/p>\n","protected":false},"author":1,"featured_media":0,"comment_status":"open","ping_status":"open","sticky":false,"template":"","format":"standard","meta":{"_et_pb_use_builder":"","_et_pb_old_content":"","_et_gb_content_width":"","footnotes":""},"categories":[1],"tags":[],"class_list":["post-2262","post","type-post","status-publish","format-standard","hentry","category-non-classe"],"_links":{"self":[{"href":"https:\/\/sergegirard.com\/5continents-eurasie\/wp-json\/wp\/v2\/posts\/2262","targetHints":{"allow":["GET"]}}],"collection":[{"href":"https:\/\/sergegirard.com\/5continents-eurasie\/wp-json\/wp\/v2\/posts"}],"about":[{"href":"https:\/\/sergegirard.com\/5continents-eurasie\/wp-json\/wp\/v2\/types\/post"}],"author":[{"embeddable":true,"href":"https:\/\/sergegirard.com\/5continents-eurasie\/wp-json\/wp\/v2\/users\/1"}],"replies":[{"embeddable":true,"href":"https:\/\/sergegirard.com\/5continents-eurasie\/wp-json\/wp\/v2\/comments?post=2262"}],"version-history":[{"count":0,"href":"https:\/\/sergegirard.com\/5continents-eurasie\/wp-json\/wp\/v2\/posts\/2262\/revisions"}],"wp:attachment":[{"href":"https:\/\/sergegirard.com\/5continents-eurasie\/wp-json\/wp\/v2\/media?parent=2262"}],"wp:term":[{"taxonomy":"category","embeddable":true,"href":"https:\/\/sergegirard.com\/5continents-eurasie\/wp-json\/wp\/v2\/categories?post=2262"},{"taxonomy":"post_tag","embeddable":true,"href":"https:\/\/sergegirard.com\/5continents-eurasie\/wp-json\/wp\/v2\/tags?post=2262"}],"curies":[{"name":"wp","href":"https:\/\/api.w.org\/{rel}","templated":true}]}}