{"id":2264,"date":"2006-01-26T00:00:00","date_gmt":"2006-01-25T23:00:00","guid":{"rendered":"https:\/\/sergegirard.com\/5continents-eurasie\/2006\/01\/26\/j40-1-26-2006\/"},"modified":"2006-01-26T00:00:00","modified_gmt":"2006-01-25T23:00:00","slug":"j40-1-26-2006","status":"publish","type":"post","link":"https:\/\/sergegirard.com\/5continents-eurasie\/2006\/01\/26\/j40-1-26-2006\/","title":{"rendered":"J40 &#8211; 1\/26\/2006"},"content":{"rendered":"<div class=\"galPhoto\">\n<div align=\"center\"><img decoding=\"async\" class=\"photoCourse\" src=\"https:\/\/sergegirard.com\/5continents-eurasie\/wp-content\/uploads\/sites\/11\/2024\/02\/40_240.jpg\"><span class=\"clic-image\"><br \/>Cetinje et le mont Lovcen derri\u00e8re<\/span><\/div>\n<div align=\"center\"><img decoding=\"async\"  class=\"photoCourse\" src=\"https:\/\/sergegirard.com\/5continents-eurasie\/wp-content\/uploads\/sites\/11\/2024\/02\/40_241.jpg\"><span class=\"clic-image\"><br \/>Descente vers Podgorica<\/span><\/div>\n<div align=\"center\"><img decoding=\"async\"  class=\"photoCourse\" src=\"https:\/\/sergegirard.com\/5continents-eurasie\/wp-content\/uploads\/sites\/11\/2024\/02\/40_242.jpg\"><span class=\"clic-image\"><br \/>Attente des suiveurs<\/span><\/div>\n<div align=\"center\"><img decoding=\"async\"  class=\"photoCourse\" src=\"https:\/\/sergegirard.com\/5continents-eurasie\/wp-content\/uploads\/sites\/11\/2024\/02\/40_243.jpg\"><span class=\"clic-image\"><br \/>Splendide paysage<\/span><\/div>\n<div align=\"center\"><img decoding=\"async\"  class=\"photoCourse\" src=\"https:\/\/sergegirard.com\/5continents-eurasie\/wp-content\/uploads\/sites\/11\/2024\/02\/40_244.jpg\"><span class=\"clic-image\"><br \/>Podgorica<\/span><\/div>\n<div align=\"center\"><img decoding=\"async\"  class=\"photoCourse\" src=\"https:\/\/sergegirard.com\/5continents-eurasie\/wp-content\/uploads\/sites\/11\/2024\/02\/40_245.jpg\"><span class=\"clic-image\"><br \/>Serge au 47\u00e8me kilom\u00e8tre<\/span><\/div>\n<div align=\"center\"><img decoding=\"async\"  class=\"photoCourse\" src=\"https:\/\/sergegirard.com\/5continents-eurasie\/wp-content\/uploads\/sites\/11\/2024\/02\/40_246.jpg\"><span class=\"clic-image\"><br \/>Passage \u00e0 Tuzi<\/span><\/div>\n<div align=\"center\"><img decoding=\"async\"  class=\"photoCourse\" src=\"https:\/\/sergegirard.com\/5continents-eurasie\/wp-content\/uploads\/sites\/11\/2024\/02\/40_247.jpg\"><span class=\"clic-image\"><br \/>Coucher de soleil aux portes de l&rsquo;Albanie<\/span><\/div>\n<\/div>\n<h4 class=\"h4-1\">J40 &#8211; 71.6Km<\/h4>\n<h5 class=\"h5-2\">JEUDI 26 JANVIER<br \/>N42 18.336 E18 54.838 (+15km apr\u00e8s Budva) &#8211; poste fronti\u00e8re du Mont\u00e9n\u00e9gro <br \/>( N42 19.768 E19 25.055)<br \/>71.6km &#8211; 9H30 <br \/><\/h5>\n<div id=\"descin\">\n<p style=\"margin-bottom: 0cm;\">Apr\u00e8s Herceg Novi, Perast, Kotor (inscrit au Patrimoine mondial de l\u2019Unesco depuis 1979), Budva, Cetinje et Podgorica (capitale administrative du Monten\u00e9gro), nous voici ce soir aux portes de l\u2019Albanie.<\/p>\n<p style=\"margin-bottom: 0cm;\">Serge avance vaillamment, un peu trop vite \u00e0 notre go\u00fbt car une rotation de suiveurs est pr\u00e9vue \u00e0 Tirana le 30 janvier. On aurait envie de lui dire de lever le pied mais que faisons nous de sa moyenne kilom\u00e9trique journali\u00e8re? L\u2019\u00e9quipe va s\u2019adapter et voil\u00e0 tout.  <\/p>\n<p style=\"margin-bottom: 0cm;\">Pour m\u00e9moire, Serge a parcouru 614 km en Croatie et 14 km en Bosnie-Herz\u00e9govine. Les 3000 km approchent \u00e0 grand pas et ils seront f\u00eat\u00e9s en Albanie.  <\/p>\n<p style=\"margin-bottom: 0cm;\">La ville de Podgorica ne nous a pas particuli\u00e8rement s\u00e9duite malgr\u00e9 les belles montagnes enneig\u00e9es en arri\u00e8re plan ( 6 sommets \u00e0 + de 2000 m\u00e8tres sur le territoire mont\u00e9n\u00e9grin). Le trafic est important pour ne pas dire incessant. A la sortie de la ville en direction de Tuzi, des pieds de vigne s\u2019offrent aux rayons du soleil. Chaque village a son minaret malgr\u00e9 la pr\u00e9pond\u00e9rance de la religion orthodoxe dans ce pays. Par endroit, des panneaux sont \u00e9crits en cyrillique. Ce soir, la vague de froid perdure et il g\u00e8le \u00e0 nouveau, en d\u00e9pit d&rsquo;une temp\u00e9rature moyenne annuelle de 17\u00b0C . Les seules informations qui arrivent jusqu\u2019\u00e0 nous sont celles transmises via notre messagerie qui se remplit chaque jour un peu plus&nbsp;: merci \u00e0 vous de nous tenir inform\u00e9s sur l\u2019actualit\u00e9 et surtout pour vos messages de soutien et d\u2019encouragement, v\u00e9ritable moteur pour Serge et son \u00e9quipe.<\/p>\n<p style=\"margin-bottom: 0cm;\">Bonne nouvelle, la douleur ressentie dans sa jambe droite commence \u00e0 dispara\u00eetre depuis cet apr\u00e8s-midi et Serge est d\u00e9\u00e7u de devoir stopper sa journ\u00e9e au poste fronti\u00e8re, il aurait bien continuer un peu.<\/p>\n<\/p><\/div>\n<\/p><\/div>\n<p>        <br class=\"clear\">      <\/div>\n<p id=\"closingbar\">L&rsquo;INCROYABLE D\u00c9FI DE SERGE GIRARD<\/p>\n<\/p><\/div>\n<\/div>\n","protected":false},"excerpt":{"rendered":"<p>Cetinje et le mont Lovcen derri\u00e8re Descente vers Podgorica Attente des suiveurs Splendide paysage Podgorica Serge au 47\u00e8me kilom\u00e8tre Passage \u00e0 Tuzi Coucher de soleil aux portes de l&rsquo;Albanie J40 &#8211; 71.6Km JEUDI 26 JANVIERN42 18.336 E18 54.838 (+15km apr\u00e8s Budva) &#8211; poste fronti\u00e8re du Mont\u00e9n\u00e9gro ( N42 19.768 E19 25.055)71.6km &#8211; 9H30 Apr\u00e8s Herceg [&hellip;]<\/p>\n","protected":false},"author":1,"featured_media":0,"comment_status":"open","ping_status":"open","sticky":false,"template":"","format":"standard","meta":{"_et_pb_use_builder":"","_et_pb_old_content":"","_et_gb_content_width":"","footnotes":""},"categories":[1],"tags":[],"class_list":["post-2264","post","type-post","status-publish","format-standard","hentry","category-non-classe"],"_links":{"self":[{"href":"https:\/\/sergegirard.com\/5continents-eurasie\/wp-json\/wp\/v2\/posts\/2264","targetHints":{"allow":["GET"]}}],"collection":[{"href":"https:\/\/sergegirard.com\/5continents-eurasie\/wp-json\/wp\/v2\/posts"}],"about":[{"href":"https:\/\/sergegirard.com\/5continents-eurasie\/wp-json\/wp\/v2\/types\/post"}],"author":[{"embeddable":true,"href":"https:\/\/sergegirard.com\/5continents-eurasie\/wp-json\/wp\/v2\/users\/1"}],"replies":[{"embeddable":true,"href":"https:\/\/sergegirard.com\/5continents-eurasie\/wp-json\/wp\/v2\/comments?post=2264"}],"version-history":[{"count":0,"href":"https:\/\/sergegirard.com\/5continents-eurasie\/wp-json\/wp\/v2\/posts\/2264\/revisions"}],"wp:attachment":[{"href":"https:\/\/sergegirard.com\/5continents-eurasie\/wp-json\/wp\/v2\/media?parent=2264"}],"wp:term":[{"taxonomy":"category","embeddable":true,"href":"https:\/\/sergegirard.com\/5continents-eurasie\/wp-json\/wp\/v2\/categories?post=2264"},{"taxonomy":"post_tag","embeddable":true,"href":"https:\/\/sergegirard.com\/5continents-eurasie\/wp-json\/wp\/v2\/tags?post=2264"}],"curies":[{"name":"wp","href":"https:\/\/api.w.org\/{rel}","templated":true}]}}