{"id":2267,"date":"2006-01-29T00:00:00","date_gmt":"2006-01-28T23:00:00","guid":{"rendered":"https:\/\/sergegirard.com\/5continents-eurasie\/2006\/01\/29\/j43-1-29-2006\/"},"modified":"2006-01-29T00:00:00","modified_gmt":"2006-01-28T23:00:00","slug":"j43-1-29-2006","status":"publish","type":"post","link":"https:\/\/sergegirard.com\/5continents-eurasie\/2006\/01\/29\/j43-1-29-2006\/","title":{"rendered":"J43 &#8211; 1\/29\/2006"},"content":{"rendered":"<div class=\"galPhoto\">\n<div align=\"center\"><img decoding=\"async\" class=\"photoCourse\" src=\"https:\/\/sergegirard.com\/5continents-eurasie\/wp-content\/uploads\/sites\/11\/2024\/02\/43_262.jpg\"><span class=\"clic-image\"><br \/>T\u00e9l\u00e9 Sport<\/span><\/div>\n<div align=\"center\"><img decoding=\"async\"  class=\"photoCourse\" src=\"https:\/\/sergegirard.com\/5continents-eurasie\/wp-content\/uploads\/sites\/11\/2024\/02\/43_263.jpg\"><span class=\"clic-image\"><br \/>Klub Maratone de Tirana<\/span><\/div>\n<div align=\"center\"><img decoding=\"async\"  class=\"photoCourse\" src=\"https:\/\/sergegirard.com\/5continents-eurasie\/wp-content\/uploads\/sites\/11\/2024\/02\/43_264.jpg\"><span class=\"clic-image\"><br \/>Mimoza et Feliz au d\u00e9part<\/span><\/div>\n<div align=\"center\"><img decoding=\"async\"  class=\"photoCourse\" src=\"https:\/\/sergegirard.com\/5continents-eurasie\/wp-content\/uploads\/sites\/11\/2024\/02\/43_265.jpg\"><span class=\"clic-image\"><br \/>Le d\u00e9part comme une vrai course<\/span><\/div>\n<div align=\"center\"><img decoding=\"async\"  class=\"photoCourse\" src=\"https:\/\/sergegirard.com\/5continents-eurasie\/wp-content\/uploads\/sites\/11\/2024\/02\/43_266.jpg\"><span class=\"clic-image\"><br \/>Feliz court avec papa<\/span><\/div>\n<div align=\"center\"><img decoding=\"async\"  class=\"photoCourse\" src=\"https:\/\/sergegirard.com\/5continents-eurasie\/wp-content\/uploads\/sites\/11\/2024\/02\/43_267.jpg\"><span class=\"clic-image\"><br \/>Sotir, Steven et Serge<\/span><\/div>\n<div align=\"center\"><img decoding=\"async\"  class=\"photoCourse\" src=\"https:\/\/sergegirard.com\/5continents-eurasie\/wp-content\/uploads\/sites\/11\/2024\/02\/43_268.jpg\"><span class=\"clic-image\"><br \/>En haut du col<\/span><\/div>\n<div align=\"center\"><img decoding=\"async\"  class=\"photoCourse\" src=\"https:\/\/sergegirard.com\/5continents-eurasie\/wp-content\/uploads\/sites\/11\/2024\/02\/43_269.jpg\"><span class=\"clic-image\"><br \/>Troupeaux de ch\u00e8vres et voiture de mari\u00e9s<\/span><\/div>\n<div align=\"center\"><img decoding=\"async\"  class=\"photoCourse\" src=\"https:\/\/sergegirard.com\/5continents-eurasie\/wp-content\/uploads\/sites\/11\/2024\/02\/43_270.jpg\"><span class=\"clic-image\"><br \/>Vue de Elbasan<\/span><\/div>\n<div align=\"center\"><img decoding=\"async\"  class=\"photoCourse\" src=\"https:\/\/sergegirard.com\/5continents-eurasie\/wp-content\/uploads\/sites\/11\/2024\/02\/43_271.jpg\"><span class=\"clic-image\"><br \/>Serge descend sur Elbasan<\/span><\/div>\n<div align=\"center\"><img decoding=\"async\"  class=\"photoCourse\" src=\"https:\/\/sergegirard.com\/5continents-eurasie\/wp-content\/uploads\/sites\/11\/2024\/02\/43_272.jpg\"><span class=\"clic-image\"><br \/>Bravo Washington 36km<\/span><\/div>\n<div align=\"center\"><img decoding=\"async\"  class=\"photoCourse\" src=\"https:\/\/sergegirard.com\/5continents-eurasie\/wp-content\/uploads\/sites\/11\/2024\/02\/43_273.jpg\"><span class=\"clic-image\"><br \/>Bravo 36km<\/span><\/div>\n<div align=\"center\"><img decoding=\"async\"  class=\"photoCourse\" src=\"https:\/\/sergegirard.com\/5continents-eurasie\/wp-content\/uploads\/sites\/11\/2024\/02\/43_274.jpg\"><span class=\"clic-image\"><br \/>Bravo 36km<\/span><\/div>\n<\/div>\n<h4 class=\"h4-1\">J43 &#8211; 62.0Km<\/h4>\n<h5 class=\"h5-2\">DIMANCHE 29 JANVIER<br \/>MULLET (10km apr\u00e8s Tirana) &#8211;  N41 11.046 E20 16.339 (avant LIBRAZHD)<br \/>62km &#8211; 7H32 <\/h5>\n<div id=\"descin\">\n<p style=\"margin-bottom: 0cm;\">Ce matin \u00e0 8h00, une surprise nous attend au d\u00e9part de l&rsquo;\u00e9tape. En effet, nous retrouvons \u00e0 la sortie de Mullet le KLUB MARATONE de TIRANA et la T\u00e9l\u00e9 Sports de TIRANA. Steven, pr\u00e9sent hier par hasard pour les 3000km, a mobilis\u00e9 le club de coureurs \u00e0 pieds et les m\u00e9dias.  <\/p>\n<p style=\"margin-bottom: 0cm;\">Sotir est administrateur du Klub, \u00e0 60 ans il pratique la course \u00e0 pied depuis 5 ans&nbsp;: avant il pesait 93kg et buvait et en 5 ans il a perdu 16kg et ne touche plus \u00e0 l\u2019alcool. Il est champion d\u2019Albanie et repr\u00e9sente fi\u00e8rement son pays avec son drapeau \u00e0 la main et son t-shirt \u00e0 la couleur de son pays (rouge avec au centre un aigle \u00e0 2 t\u00eates). Il a fait 4 marathons et un 100km. Sachez qu\u2019en Albanie, aucune course officielle n\u2019est organis\u00e9e alors nous lui avons soumis l\u2019id\u00e9e d\u2019organiser un marathon. L\u2019histoire nous dira si une course aura bien lieu un jour &#8230;nous l\u2019esp\u00e9rons.<\/p>\n<p style=\"margin-bottom: 0cm;\">Ce pays a bel et bien besoin d\u2019un peu plus de patriotisme et le sport est sans nul doute un bon moyen d\u2019\u00eatre fier de soi, de v\u00e9hiculer une le\u00e7on de courage et de t\u00e9nacit\u00e9, de mettre en avant son pays &#8211; tout simplement un moyen de montrer que l\u2019on existe. Ce petit groupe est accompagn\u00e9 par Mimoza et Feliz la femme et la fille de Steven qui suivent en voiture. Elles ont ce matin donn\u00e9 le d\u00e9part de la course par un l\u00e2ch\u00e9 de ballons. F\u00e9liz, bout de femme de 4 ans est un vrai rayon de soleil, elle a m\u00eame voulu courir avec papa quelques centaines de m\u00e8tres.<\/p>\n<p style=\"margin-bottom: 0cm;\">36 km ont \u00e9t\u00e9 parcouru jusqu\u2019\u00e0 Elbasan (passage d\u2019un col \u00e0 800 m\u00e8tres d\u2019altitude), o\u00f9 notre \u00e9quipe albanaise nous laisse. Quelle joie, quel bonheur et quelle fiert\u00e9 pour Serge et pour nous d\u2019avoir partag\u00e9 ces quelques heures avec Sotir, Steven, Bledar, Mario, Arion, Washo 63 ans (le doyen, de son vrai pr\u00e9nom Washington qu\u2019il a d\u00fb modifier \u00e0 la demande des autorit\u00e9s, il y a quelques ann\u00e9es). Ces hommes nous donnent envie d\u2019en savoir plus sur ce pays  mal connu, sur ce peuple&nbsp; isol\u00e9 au sein de l\u2019Europe. Pays si proche de notre France et pourtant si loin de nos centres d&rsquo;int\u00e9r\u00eat ou de nos int\u00e9r\u00eats tout court (\u00e0 m\u00e9diter).<\/p>\n<p style=\"margin-bottom: 0cm;\">Le soleil est au rendez-vous et Serge avance, que du bonheur.<\/p>\n<p style=\"margin-bottom: 0cm;\"><\/p>\n<p style=\"margin-bottom: 0cm;\">Ah oui, chose importante&nbsp;: si vous souhaitez nous revoir sur l\u2019\u00e9mission \u00ab&nbsp;7 \u00e0 8&nbsp;\u00bb, allez sur le site <a href=\"http:\/\/www.tf1.fr\" style=\"color: rgb(255, 255, 255); font-weight: bold;\">www.tf1.fr<\/a> dans la rubrique de l\u2019\u00e9mission et il est possible de voter pour le reportage \u2013 alors vite,vite,vite, allez tous sur le site pour voter et donner votre avis sur ce reportage. Plus l\u2019int\u00e9r\u00eat sera grand, plus nous aurons de chances de revoir l\u2019\u00e9quipe de \u00ab&nbsp;7 \u00e0 8&nbsp;\u00bb nous rejoindre un peu plus loin sur la route qui nous m\u00e8ne \u00e0 Tokyo.<\/p>\n<\/p><\/div>\n<\/p><\/div>\n<p>        <br class=\"clear\">      <\/div>\n<p id=\"closingbar\">L&rsquo;INCROYABLE D\u00c9FI DE SERGE GIRARD<\/p>\n<\/p><\/div>\n<\/div>\n","protected":false},"excerpt":{"rendered":"<p>T\u00e9l\u00e9 Sport Klub Maratone de Tirana Mimoza et Feliz au d\u00e9part Le d\u00e9part comme une vrai course Feliz court avec papa Sotir, Steven et Serge En haut du col Troupeaux de ch\u00e8vres et voiture de mari\u00e9s Vue de Elbasan Serge descend sur Elbasan Bravo Washington 36km Bravo 36km Bravo 36km J43 &#8211; 62.0Km DIMANCHE 29 [&hellip;]<\/p>\n","protected":false},"author":1,"featured_media":0,"comment_status":"open","ping_status":"open","sticky":false,"template":"","format":"standard","meta":{"_et_pb_use_builder":"","_et_pb_old_content":"","_et_gb_content_width":"","footnotes":""},"categories":[1],"tags":[],"class_list":["post-2267","post","type-post","status-publish","format-standard","hentry","category-non-classe"],"_links":{"self":[{"href":"https:\/\/sergegirard.com\/5continents-eurasie\/wp-json\/wp\/v2\/posts\/2267","targetHints":{"allow":["GET"]}}],"collection":[{"href":"https:\/\/sergegirard.com\/5continents-eurasie\/wp-json\/wp\/v2\/posts"}],"about":[{"href":"https:\/\/sergegirard.com\/5continents-eurasie\/wp-json\/wp\/v2\/types\/post"}],"author":[{"embeddable":true,"href":"https:\/\/sergegirard.com\/5continents-eurasie\/wp-json\/wp\/v2\/users\/1"}],"replies":[{"embeddable":true,"href":"https:\/\/sergegirard.com\/5continents-eurasie\/wp-json\/wp\/v2\/comments?post=2267"}],"version-history":[{"count":0,"href":"https:\/\/sergegirard.com\/5continents-eurasie\/wp-json\/wp\/v2\/posts\/2267\/revisions"}],"wp:attachment":[{"href":"https:\/\/sergegirard.com\/5continents-eurasie\/wp-json\/wp\/v2\/media?parent=2267"}],"wp:term":[{"taxonomy":"category","embeddable":true,"href":"https:\/\/sergegirard.com\/5continents-eurasie\/wp-json\/wp\/v2\/categories?post=2267"},{"taxonomy":"post_tag","embeddable":true,"href":"https:\/\/sergegirard.com\/5continents-eurasie\/wp-json\/wp\/v2\/tags?post=2267"}],"curies":[{"name":"wp","href":"https:\/\/api.w.org\/{rel}","templated":true}]}}