{"id":2269,"date":"2006-01-31T00:00:00","date_gmt":"2006-01-30T23:00:00","guid":{"rendered":"https:\/\/sergegirard.com\/5continents-eurasie\/2006\/01\/31\/j45-1-31-2006\/"},"modified":"2006-01-31T00:00:00","modified_gmt":"2006-01-30T23:00:00","slug":"j45-1-31-2006","status":"publish","type":"post","link":"https:\/\/sergegirard.com\/5continents-eurasie\/2006\/01\/31\/j45-1-31-2006\/","title":{"rendered":"J45 &#8211; 1\/31\/2006"},"content":{"rendered":"<div class=\"galPhoto\">\n<div align=\"center\"><img decoding=\"async\" class=\"photoCourse\" src=\"https:\/\/sergegirard.com\/5continents-eurasie\/wp-content\/uploads\/sites\/11\/2024\/02\/45_279.jpg\"><span class=\"clic-image\"><br \/><\/span><\/div>\n<div align=\"center\"><img decoding=\"async\"  class=\"photoCourse\" src=\"https:\/\/sergegirard.com\/5continents-eurasie\/wp-content\/uploads\/sites\/11\/2024\/02\/45_280.jpg\"><span class=\"clic-image\"><br \/><\/span><\/div>\n<div align=\"center\"><img decoding=\"async\"  class=\"photoCourse\" src=\"https:\/\/sergegirard.com\/5continents-eurasie\/wp-content\/uploads\/sites\/11\/2024\/02\/45_281.jpg\"><span class=\"clic-image\"><br \/><\/span><\/div>\n<div align=\"center\"><img decoding=\"async\"  class=\"photoCourse\" src=\"https:\/\/sergegirard.com\/5continents-eurasie\/wp-content\/uploads\/sites\/11\/2024\/02\/45_282.jpg\"><span class=\"clic-image\"><br \/><\/span><\/div>\n<div align=\"center\"><img decoding=\"async\"  class=\"photoCourse\" src=\"https:\/\/sergegirard.com\/5continents-eurasie\/wp-content\/uploads\/sites\/11\/2024\/02\/45_283.jpg\"><span class=\"clic-image\"><br \/><\/span><\/div>\n<div align=\"center\"><img decoding=\"async\"  class=\"photoCourse\" src=\"https:\/\/sergegirard.com\/5continents-eurasie\/wp-content\/uploads\/sites\/11\/2024\/02\/45_284.jpg\"><span class=\"clic-image\"><br \/><\/span><\/div>\n<div align=\"center\"><img decoding=\"async\"  class=\"photoCourse\" src=\"https:\/\/sergegirard.com\/5continents-eurasie\/wp-content\/uploads\/sites\/11\/2024\/02\/45_285.jpg\"><span class=\"clic-image\"><br \/><\/span><\/div>\n<\/div>\n<h4 class=\"h4-1\">J45 &#8211; 71.8Km<\/h4>\n<h5 class=\"h5-2\">MARDI 31 JANVIER<br \/>OHRID (690m) &#8211; BITOLA (640m)<br \/>71.8km &#8211; 9H22 <\/h5>\n<div id=\"descin\">\n<p style=\"margin-bottom: 0cm;\">La Mac\u00e9doine est un pays montagneux. Serge en a plein les chaussures&nbsp;avec 2 cols pass\u00e9s \u00e0 1200 m\u00e8tres et cette longue, tr\u00e8s longue mont\u00e9e. D\u2019autant qu\u2019il met un point d\u2019honneur \u00e0 arriver avant la nuit pour \u00e9viter le stress qui le tient depuis le d\u00e9but lorsqu\u2019il progresse sur des routes fr\u00e9quent\u00e9es par les v\u00e9hicules.  <\/p>\n<p style=\"margin-bottom: 0cm;\">Nous avons toujours la m\u00eame heure qu\u2019en France, la seule diff\u00e9rence&nbsp;: le jour se l\u00e8ve \u00e0 6H15\u2019 et la nuit tombe \u00e0 17H00.  <\/p>\n<p style=\"margin-bottom: 0cm;\">Des nouvelles et des petits nouveaux&nbsp;:<\/p>\n<p style=\"margin-bottom: 0cm;\">Christian s\u2019installe au volant du 4&#215;4 et commence son r\u00f4le de ravitailleur,&nbsp;un peu perdu car Eliane et Ren\u00e9 donnent des ravitaillements sp\u00e9cifiques en fonction des horaires et en m\u00eame temps il n\u2019y a pas de rigueur absolue. Bref, c\u2019est le m\u00e9tier qui rentre sous l\u2019\u0153il attentif d\u2019Eliane.<\/p>\n<p style=\"margin-bottom: 0cm;\">Quant \u00e0 Fulvio, on pourrait croire qu\u2019il parle le  mac\u00e9donien car \u00e0 chaque arr\u00eat, il est en conversation avec les locaux pr\u00e9sents \u00e0 ce moment l\u00e0&nbsp;: vendeurs de pommes, policiers, mamie qui fait ses courses&nbsp;; la cam\u00e9ra toujours \u00e0 la main.  <\/p>\n<p style=\"margin-bottom: 0cm;\">Bitola est une ville envahie de neige dans laquelle avant-hier il faisait -20\u00b0C et ce soir juste quelques degr\u00e9s en dessous de 0, bien supportable. D\u00e8s demain matin, nous quittons la Mac\u00e9doine pour entrer en Gr\u00e8ce, l\u2019aventure continue.<\/p>\n<p style=\"margin-bottom: 0cm;\"><\/p>\n<\/p><\/div>\n<\/p><\/div>\n<p>        <br class=\"clear\">      <\/div>\n<p id=\"closingbar\">L&rsquo;INCROYABLE D\u00c9FI DE SERGE GIRARD<\/p>\n<\/p><\/div>\n<\/div>\n","protected":false},"excerpt":{"rendered":"<p>J45 &#8211; 71.8Km MARDI 31 JANVIEROHRID (690m) &#8211; BITOLA (640m)71.8km &#8211; 9H22 La Mac\u00e9doine est un pays montagneux. Serge en a plein les chaussures&nbsp;avec 2 cols pass\u00e9s \u00e0 1200 m\u00e8tres et cette longue, tr\u00e8s longue mont\u00e9e. D\u2019autant qu\u2019il met un point d\u2019honneur \u00e0 arriver avant la nuit pour \u00e9viter le stress qui le tient depuis [&hellip;]<\/p>\n","protected":false},"author":1,"featured_media":0,"comment_status":"open","ping_status":"open","sticky":false,"template":"","format":"standard","meta":{"_et_pb_use_builder":"","_et_pb_old_content":"","_et_gb_content_width":"","footnotes":""},"categories":[1],"tags":[],"class_list":["post-2269","post","type-post","status-publish","format-standard","hentry","category-non-classe"],"_links":{"self":[{"href":"https:\/\/sergegirard.com\/5continents-eurasie\/wp-json\/wp\/v2\/posts\/2269","targetHints":{"allow":["GET"]}}],"collection":[{"href":"https:\/\/sergegirard.com\/5continents-eurasie\/wp-json\/wp\/v2\/posts"}],"about":[{"href":"https:\/\/sergegirard.com\/5continents-eurasie\/wp-json\/wp\/v2\/types\/post"}],"author":[{"embeddable":true,"href":"https:\/\/sergegirard.com\/5continents-eurasie\/wp-json\/wp\/v2\/users\/1"}],"replies":[{"embeddable":true,"href":"https:\/\/sergegirard.com\/5continents-eurasie\/wp-json\/wp\/v2\/comments?post=2269"}],"version-history":[{"count":0,"href":"https:\/\/sergegirard.com\/5continents-eurasie\/wp-json\/wp\/v2\/posts\/2269\/revisions"}],"wp:attachment":[{"href":"https:\/\/sergegirard.com\/5continents-eurasie\/wp-json\/wp\/v2\/media?parent=2269"}],"wp:term":[{"taxonomy":"category","embeddable":true,"href":"https:\/\/sergegirard.com\/5continents-eurasie\/wp-json\/wp\/v2\/categories?post=2269"},{"taxonomy":"post_tag","embeddable":true,"href":"https:\/\/sergegirard.com\/5continents-eurasie\/wp-json\/wp\/v2\/tags?post=2269"}],"curies":[{"name":"wp","href":"https:\/\/api.w.org\/{rel}","templated":true}]}}