{"id":2270,"date":"2006-02-01T00:00:00","date_gmt":"2006-01-31T23:00:00","guid":{"rendered":"https:\/\/sergegirard.com\/5continents-eurasie\/2006\/02\/01\/j46-2-1-2006\/"},"modified":"2006-02-01T00:00:00","modified_gmt":"2006-01-31T23:00:00","slug":"j46-2-1-2006","status":"publish","type":"post","link":"https:\/\/sergegirard.com\/5continents-eurasie\/2006\/02\/01\/j46-2-1-2006\/","title":{"rendered":"J46 &#8211; 2\/1\/2006"},"content":{"rendered":"<div class=\"galPhoto\">\n<div align=\"center\"><img decoding=\"async\" class=\"photoCourse\" src=\"https:\/\/sergegirard.com\/5continents-eurasie\/wp-content\/uploads\/sites\/11\/2024\/02\/46_286.jpg\"><span class=\"clic-image\"><br \/>Brouillard et neige<\/span><\/div>\n<div align=\"center\"><img decoding=\"async\"  class=\"photoCourse\" src=\"https:\/\/sergegirard.com\/5continents-eurasie\/wp-content\/uploads\/sites\/11\/2024\/02\/46_287.jpg\"><span class=\"clic-image\"><br \/>Passage de fronti\u00e8re<\/span><\/div>\n<div align=\"center\"><img decoding=\"async\"  class=\"photoCourse\" src=\"https:\/\/sergegirard.com\/5continents-eurasie\/wp-content\/uploads\/sites\/11\/2024\/02\/46_288.jpg\"><span class=\"clic-image\"><br \/>D\u00e9contamination des pieds de Christian<\/span><\/div>\n<div align=\"center\"><img decoding=\"async\"  class=\"photoCourse\" src=\"https:\/\/sergegirard.com\/5continents-eurasie\/wp-content\/uploads\/sites\/11\/2024\/02\/46_289.jpg\"><span class=\"clic-image\"><br \/>Le p\u00e8re No\u00ebl<\/span><\/div>\n<div align=\"center\"><img decoding=\"async\"  class=\"photoCourse\" src=\"https:\/\/sergegirard.com\/5continents-eurasie\/wp-content\/uploads\/sites\/11\/2024\/02\/46_290.jpg\"><span class=\"clic-image\"><br \/>Non, Eliane n&rsquo;est pas au sport-d&rsquo;hiver<\/span><\/div>\n<div align=\"center\"><img decoding=\"async\"  class=\"photoCourse\" src=\"https:\/\/sergegirard.com\/5continents-eurasie\/wp-content\/uploads\/sites\/11\/2024\/02\/46_291.jpg\"><span class=\"clic-image\"><br \/>Court Serge !<\/span><\/div>\n<div align=\"center\"><img decoding=\"async\"  class=\"photoCourse\" src=\"https:\/\/sergegirard.com\/5continents-eurasie\/wp-content\/uploads\/sites\/11\/2024\/02\/46_292.jpg\"><span class=\"clic-image\"><br \/>Que peuvent-ils bien se raconter ?<\/span><\/div>\n<div align=\"center\"><img decoding=\"async\"  class=\"photoCourse\" src=\"https:\/\/sergegirard.com\/5continents-eurasie\/wp-content\/uploads\/sites\/11\/2024\/02\/46_293.jpg\"><span class=\"clic-image\"><br \/><\/span><\/div>\n<\/div>\n<h4 class=\"h4-1\">J46 &#8211; 73.2Km<\/h4>\n<h5 class=\"h5-2\">MERCREDI 1er FEVRIER<br \/>BITOLA (640m) &#8211; N40 39.099 E21 44.588 ( proche de Floritas)<br \/>73.2km &#8211; 9H14 <\/h5>\n<div id=\"descin\">\n<p style=\"margin-bottom: 0cm;\">Comme vous avez pu le remarquer, Serge passe moins de temps sur la route pour un kilom\u00e9trage quasi identique. Sa moyenne kilom\u00e8tre par heure augmente donc un peu&nbsp;ces derniers temps.<\/p>\n<p style=\"margin-bottom: 0cm;\">Il se sent bien, il a envie d\u2019en finir avant la nuit et il a adopt\u00e9 une m\u00e9thode (Cyrano)&nbsp;: courir 1\u201915\u2019\u2019- marcher 45\u2019\u2019et ainsi de suite et aussi bizarre que cela puisse para\u00eetre il va plus vite.  <\/p>\n<p style=\"margin-bottom: 0cm;\">Ce matin, il fait -13\u00b0C et un brouillard \u00e9pais r\u00e9duit la visibilit\u00e9 \u00e0 20 m\u00e8tres. Serge ressemble \u00e0 un p\u00e8re No\u00ebl avec sa barbe blanche et sa jacket rouge. Il a le bout des doigts gel\u00e9 malgr\u00e9 ses gants de sport-d\u2019hiver.  <\/p>\n<p style=\"margin-bottom: 0cm;\">Au 15<sup>\u00e8me<\/sup> kilom\u00e8tre, nous passons la fronti\u00e8re entre la Mac\u00e9doine et la Gr\u00e8ce (113 km parcourus en Mac\u00e9doine). Pas de contr\u00f4le de douane, juste un contr\u00f4le de police des plus formels. Fait exceptionnel, Fulvio a la permission de filmer les 2 postes fronti\u00e8res. En rentrant en Gr\u00e8ce, psychose de la grippe aviaire oblige, nous passons \u00e0 la d\u00e9contamination&nbsp;: pneux et chaussures doivent \u00eatre pass\u00e9s au d\u00e9sinfectant. <\/p>\n<p style=\"margin-bottom: 0cm;\">La fronti\u00e8re pass\u00e9e, le soleil perce et laisse deviner une belle journ\u00e9e, le paysage est magnifique&nbsp;: les arbres recouverts de neige gel\u00e9e nous rappellent quelques souvenirs (fin d\u00e9cembre en France).<\/p>\n<p style=\"margin-bottom: 0cm;\">L\u2019atmosph\u00e8re se r\u00e9chauffe quelque peu, Serge \u00e9volue \u00e0 une altitude de 600 m\u00e8tres sur un profil relativement plat. Au 60<sup>\u00e8me<\/sup> kilom\u00e8tre, Serge se fait attaquer par une horde de chiens et le bip \u00e0 Ultra-Son qu&rsquo;il porte ne semble en aucun cas les repousser. Sur le trac\u00e9 du jour (logiciel  Garmin), ce moment est rep\u00e9rable par la hausse de la fr\u00e9quence cardiaque de Serge. \u00ab&nbsp;J\u2019ai cr\u00fb que j\u2019allais me faire d\u00e9vorer car j&rsquo;\u00e9tais encercl\u00e9 et ils me montraient des crocs bien ac\u00e9r\u00e9s. J\u2019ai fait stopper une voiture pour m\u2019aider.&nbsp;\u00bb  <\/p>\n<p style=\"margin-bottom: 0cm;\">Nous avan\u00e7ons nos montres d\u2019une heure. Dor\u00e9navant lorsqu\u2019il sera 7H00 du matin en France, nous afficherons 8H00.<\/p>\n<p style=\"margin-bottom: 0cm;\"><\/p>\n<\/p><\/div>\n<\/p><\/div>\n<p>        <br class=\"clear\">      <\/div>\n<p id=\"closingbar\">L&rsquo;INCROYABLE D\u00c9FI DE SERGE GIRARD<\/p>\n<\/p><\/div>\n<\/div>\n","protected":false},"excerpt":{"rendered":"<p>Brouillard et neige Passage de fronti\u00e8re D\u00e9contamination des pieds de Christian Le p\u00e8re No\u00ebl Non, Eliane n&rsquo;est pas au sport-d&rsquo;hiver Court Serge ! Que peuvent-ils bien se raconter ? J46 &#8211; 73.2Km MERCREDI 1er FEVRIERBITOLA (640m) &#8211; N40 39.099 E21 44.588 ( proche de Floritas)73.2km &#8211; 9H14 Comme vous avez pu le remarquer, Serge passe [&hellip;]<\/p>\n","protected":false},"author":1,"featured_media":0,"comment_status":"open","ping_status":"open","sticky":false,"template":"","format":"standard","meta":{"_et_pb_use_builder":"","_et_pb_old_content":"","_et_gb_content_width":"","footnotes":""},"categories":[1],"tags":[],"class_list":["post-2270","post","type-post","status-publish","format-standard","hentry","category-non-classe"],"_links":{"self":[{"href":"https:\/\/sergegirard.com\/5continents-eurasie\/wp-json\/wp\/v2\/posts\/2270","targetHints":{"allow":["GET"]}}],"collection":[{"href":"https:\/\/sergegirard.com\/5continents-eurasie\/wp-json\/wp\/v2\/posts"}],"about":[{"href":"https:\/\/sergegirard.com\/5continents-eurasie\/wp-json\/wp\/v2\/types\/post"}],"author":[{"embeddable":true,"href":"https:\/\/sergegirard.com\/5continents-eurasie\/wp-json\/wp\/v2\/users\/1"}],"replies":[{"embeddable":true,"href":"https:\/\/sergegirard.com\/5continents-eurasie\/wp-json\/wp\/v2\/comments?post=2270"}],"version-history":[{"count":0,"href":"https:\/\/sergegirard.com\/5continents-eurasie\/wp-json\/wp\/v2\/posts\/2270\/revisions"}],"wp:attachment":[{"href":"https:\/\/sergegirard.com\/5continents-eurasie\/wp-json\/wp\/v2\/media?parent=2270"}],"wp:term":[{"taxonomy":"category","embeddable":true,"href":"https:\/\/sergegirard.com\/5continents-eurasie\/wp-json\/wp\/v2\/categories?post=2270"},{"taxonomy":"post_tag","embeddable":true,"href":"https:\/\/sergegirard.com\/5continents-eurasie\/wp-json\/wp\/v2\/tags?post=2270"}],"curies":[{"name":"wp","href":"https:\/\/api.w.org\/{rel}","templated":true}]}}