{"id":2280,"date":"2006-02-10T00:00:00","date_gmt":"2006-02-09T23:00:00","guid":{"rendered":"https:\/\/sergegirard.com\/5continents-eurasie\/2006\/02\/10\/j55-2-10-2006\/"},"modified":"2006-02-10T00:00:00","modified_gmt":"2006-02-09T23:00:00","slug":"j55-2-10-2006","status":"publish","type":"post","link":"https:\/\/sergegirard.com\/5continents-eurasie\/2006\/02\/10\/j55-2-10-2006\/","title":{"rendered":"J55 &#8211; 2\/10\/2006"},"content":{"rendered":"<div class=\"galPhoto\">\n<div align=\"center\"><img decoding=\"async\" class=\"photoCourse\" src=\"https:\/\/sergegirard.com\/5continents-eurasie\/wp-content\/uploads\/sites\/11\/2024\/02\/55_357.jpg\"><span class=\"clic-image\"><br \/>Fulvio travaille<\/span><\/div>\n<div align=\"center\"><img decoding=\"async\"  class=\"photoCourse\" src=\"https:\/\/sergegirard.com\/5continents-eurasie\/wp-content\/uploads\/sites\/11\/2024\/02\/55_358.jpg\"><span class=\"clic-image\"><br \/>Que de monde<\/span><\/div>\n<div align=\"center\"><img decoding=\"async\"  class=\"photoCourse\" src=\"https:\/\/sergegirard.com\/5continents-eurasie\/wp-content\/uploads\/sites\/11\/2024\/02\/55_359.jpg\"><span class=\"clic-image\"><br \/>Cr\u00e9dit photo Fulvio d&rsquo;Aguanno<\/span><\/div>\n<div align=\"center\"><img decoding=\"async\"  class=\"photoCourse\" src=\"https:\/\/sergegirard.com\/5continents-eurasie\/wp-content\/uploads\/sites\/11\/2024\/02\/55_360.jpg\"><span class=\"clic-image\"><br \/>Cr\u00e9dit photo Fulvio d&rsquo;Aguanno<\/span><\/div>\n<div align=\"center\"><img decoding=\"async\"  class=\"photoCourse\" src=\"https:\/\/sergegirard.com\/5continents-eurasie\/wp-content\/uploads\/sites\/11\/2024\/02\/55_361.jpg\"><span class=\"clic-image\"><br \/>Cr\u00e9dit photo Fulvio d&rsquo;Aguanno<\/span><\/div>\n<\/div>\n<h4 class=\"h4-1\">J55 &#8211; 70.3Km<\/h4>\n<h5 class=\"h5-2\">VENDREDI 10 FEVRIER<br \/>N40 51.891 E26 48.204 (+ 15 km de Kesan) &#8211; N40 58.921 E27 33.258 (sortie de Tekirdag)<br \/>70.3km &#8211; 8H57 <\/h5>\n<div id=\"descin\">\n<p style=\"margin-bottom: 0cm;\">A 7H45\u2019, une \u00e9quipe de reporters et photographes rencontr\u00e9e \u00e0 Kesan hier soir est au rendez-vous pour le d\u00e9part. Les manifestations du peuple musulman vues \u00e0 la t\u00e9l\u00e9vision semblent faire la une en Europe, suite \u00e0 la parution de caricatures peu flatteuses dans la presse. Nous sommes bien loin de toutes ces vell\u00e9it\u00e9s sur notre route et notre caravane est bien accueillie.  <\/p>\n<p style=\"margin-bottom: 0cm;\">Une mauvaise journ\u00e9e pour Serge qui chantonne ce soir&nbsp;: la gadoue, la gadoue, la gadoue\u2026&nbsp;\u00ab&nbsp;j\u2019ai pataug\u00e9 dans la gadoue toute la journ\u00e9e&nbsp;\u00bb. La pluie n\u2019a pas cess\u00e9 et le brouillard \u00e9tait \u00e9pais ce matin. Dans ces cas l\u00e0, nous ne profitons pas du paysage et tout nous semble maussade.  <\/p>\n<p style=\"margin-bottom: 0cm;\">Bref, une journ\u00e9e de plus et rien d\u2019extraordinaire. M\u00eame la ville c\u00f4ti\u00e8re de Tekirdag n\u2019arrive pas \u00e0 \u00e9veiller en nous le moindre \u00e9merveillement. La mer de Marmara se confond avec le ciel gris.  <\/p>\n<p style=\"margin-bottom: 0cm;\">Serge s\u2019endort en esp\u00e9rant que demain sera un jour meilleur.<\/p>\n<p style=\"margin-bottom: 0cm;\"><\/p>\n<p style=\"margin-bottom: 0cm;\"><\/p>\n<\/p><\/div>\n<\/p><\/div>\n<p>        <br class=\"clear\">      <\/div>\n<p id=\"closingbar\">L&rsquo;INCROYABLE D\u00c9FI DE SERGE GIRARD<\/p>\n<\/p><\/div>\n<\/div>\n","protected":false},"excerpt":{"rendered":"<p>Fulvio travaille Que de monde Cr\u00e9dit photo Fulvio d&rsquo;Aguanno Cr\u00e9dit photo Fulvio d&rsquo;Aguanno Cr\u00e9dit photo Fulvio d&rsquo;Aguanno J55 &#8211; 70.3Km VENDREDI 10 FEVRIERN40 51.891 E26 48.204 (+ 15 km de Kesan) &#8211; N40 58.921 E27 33.258 (sortie de Tekirdag)70.3km &#8211; 8H57 A 7H45\u2019, une \u00e9quipe de reporters et photographes rencontr\u00e9e \u00e0 Kesan hier soir est [&hellip;]<\/p>\n","protected":false},"author":1,"featured_media":0,"comment_status":"open","ping_status":"open","sticky":false,"template":"","format":"standard","meta":{"_et_pb_use_builder":"","_et_pb_old_content":"","_et_gb_content_width":"","footnotes":""},"categories":[1],"tags":[],"class_list":["post-2280","post","type-post","status-publish","format-standard","hentry","category-non-classe"],"_links":{"self":[{"href":"https:\/\/sergegirard.com\/5continents-eurasie\/wp-json\/wp\/v2\/posts\/2280","targetHints":{"allow":["GET"]}}],"collection":[{"href":"https:\/\/sergegirard.com\/5continents-eurasie\/wp-json\/wp\/v2\/posts"}],"about":[{"href":"https:\/\/sergegirard.com\/5continents-eurasie\/wp-json\/wp\/v2\/types\/post"}],"author":[{"embeddable":true,"href":"https:\/\/sergegirard.com\/5continents-eurasie\/wp-json\/wp\/v2\/users\/1"}],"replies":[{"embeddable":true,"href":"https:\/\/sergegirard.com\/5continents-eurasie\/wp-json\/wp\/v2\/comments?post=2280"}],"version-history":[{"count":0,"href":"https:\/\/sergegirard.com\/5continents-eurasie\/wp-json\/wp\/v2\/posts\/2280\/revisions"}],"wp:attachment":[{"href":"https:\/\/sergegirard.com\/5continents-eurasie\/wp-json\/wp\/v2\/media?parent=2280"}],"wp:term":[{"taxonomy":"category","embeddable":true,"href":"https:\/\/sergegirard.com\/5continents-eurasie\/wp-json\/wp\/v2\/categories?post=2280"},{"taxonomy":"post_tag","embeddable":true,"href":"https:\/\/sergegirard.com\/5continents-eurasie\/wp-json\/wp\/v2\/tags?post=2280"}],"curies":[{"name":"wp","href":"https:\/\/api.w.org\/{rel}","templated":true}]}}