{"id":2281,"date":"2006-02-11T00:00:00","date_gmt":"2006-02-10T23:00:00","guid":{"rendered":"https:\/\/sergegirard.com\/5continents-eurasie\/2006\/02\/11\/j56-2-11-2006\/"},"modified":"2006-02-11T00:00:00","modified_gmt":"2006-02-10T23:00:00","slug":"j56-2-11-2006","status":"publish","type":"post","link":"https:\/\/sergegirard.com\/5continents-eurasie\/2006\/02\/11\/j56-2-11-2006\/","title":{"rendered":"J56 &#8211; 2\/11\/2006"},"content":{"rendered":"<div class=\"galPhoto\">\n<div align=\"center\"><img decoding=\"async\" class=\"photoCourse\" src=\"https:\/\/sergegirard.com\/5continents-eurasie\/wp-content\/uploads\/sites\/11\/2024\/02\/56_362.jpg\"><span class=\"clic-image\"><br \/>Cr\u00e9dit photo Fulvio d&rsquo;Aguanno<\/span><\/div>\n<div align=\"center\"><img decoding=\"async\"  class=\"photoCourse\" src=\"https:\/\/sergegirard.com\/5continents-eurasie\/wp-content\/uploads\/sites\/11\/2024\/02\/56_363.jpg\"><span class=\"clic-image\"><br \/>Cr\u00e9dit photo Fulvio d&rsquo;Aguanno<\/span><\/div>\n<div align=\"center\"><img decoding=\"async\"  class=\"photoCourse\" src=\"https:\/\/sergegirard.com\/5continents-eurasie\/wp-content\/uploads\/sites\/11\/2024\/02\/56_364.jpg\"><span class=\"clic-image\"><br \/>Cr\u00e9dit photo Fulvio d&rsquo;Aguanno<\/span><\/div>\n<div align=\"center\"><img decoding=\"async\"  class=\"photoCourse\" src=\"https:\/\/sergegirard.com\/5continents-eurasie\/wp-content\/uploads\/sites\/11\/2024\/02\/56_365.jpg\"><span class=\"clic-image\"><br \/>Cr\u00e9dit photo Fulvio d&rsquo;Aguanno<\/span><\/div>\n<div align=\"center\"><img decoding=\"async\"  class=\"photoCourse\" src=\"https:\/\/sergegirard.com\/5continents-eurasie\/wp-content\/uploads\/sites\/11\/2024\/02\/56_366.jpg\"><span class=\"clic-image\"><br \/>Cr\u00e9dit photo Fulvio d&rsquo;Aguanno<\/span><\/div>\n<\/div>\n<h4 class=\"h4-1\">J56 &#8211; 73.5Km<\/h4>\n<h5 class=\"h5-2\">SAMEDI 11 FEVRIER<br \/>N40 58.921 E27 33.258 (sortie de Tekirdag)-N41 03.694 E28 20.447 (+5km de Silivri)<br \/>73.5km &#8211; 9H04 <br \/><\/h5>\n<div id=\"descin\">\n<p style=\"margin-bottom: 0cm;\">Pour les milliers de kilom\u00e8tres, Serge r\u00e9pond aux abonn\u00e9s pr\u00e9sents un samedi sur deux. Quelle r\u00e9gularit\u00e9&nbsp;!<\/p>\n<p style=\"margin-bottom: 0cm;\">4000 km en 55 jours 3 heures et 7 minutes soit une moyenne de 72,551km par jour depuis le d\u00e9part. Serge vient de calculer cette moyenne parce que moi les chiffres, c\u2019est pas mon truc.<\/p>\n<p style=\"margin-bottom: 0cm;\">Nous longeons la mer de Marmara par la nationale 100, peu de camions mais beaucoup de bus et de cars en ce premier jour de week-end. En Turquie, m\u00eame si le vendredi il y a la grande pri\u00e8re c\u2019est un jour travaill\u00e9. Le week-end commence donc le vendredi soir, comme chez nous.  <\/p>\n<p style=\"margin-bottom: 0cm;\">La journ\u00e9e avait mal commenc\u00e9, Serge un peu mal lun\u00e9 a \u00e0 peine d\u00e9jeuner. Le genre de matin o\u00f9 l\u2019on se l\u00e8ve et o\u00f9 rien ne va, bougon pour rien et pas grand-chose. Lors du d\u00e9part, Serge nous dit&nbsp;: \u00ab&nbsp;une journ\u00e9e qui commence mal, finit bien&nbsp;\u00bb, et effectivement c\u2019\u00e9tait vrai.<\/p>\n<p style=\"margin-bottom: 0cm;\">Christian a assur\u00e9 les ravitaillements toute la journ\u00e9e accompagn\u00e9 par Fulvio dans le 4&#215;4 suiveur, pendant que les filles&nbsp;sont all\u00e9es reconna\u00eetre l\u2019entr\u00e9e dans Istanbul pour demain, avant de vite revenir pour monter le panneau au point des 4000km.  <\/p>\n<p style=\"margin-bottom: 0cm;\">Le soleil et la douceur \u00e9taient de retour et Serge est heureux de ses 4000km \u00e0 la sortie de Silivri o\u00f9 l\u2019\u00e9quipe l\u2019attend : le panneau lumineux est enfin bien r\u00e9gl\u00e9 et tout fonctionne parfaitement mis \u00e0 part un contre-jour difficile \u00e0 g\u00e9rer pour Fulvio. Mais qu\u2019\u00e0 cela ne tienne Serge arbore son plus beau sourire.<\/p>\n<p style=\"margin-bottom: 0cm;\">Tout cela se passe dans le plus pur anonymat au bord de la fameuse nationale que nous suivons depuis notre entr\u00e9e en Turquie.<\/p>\n<p style=\"margin-bottom: 0cm;\"><\/p>\n<p style=\"margin-bottom: 0cm;\">Pour les fanas de chiffre, Serge a travaill\u00e9 pour vous&nbsp;:<\/p>\n<p style=\"margin-bottom: 0cm;\"><\/p>\n<p style=\"margin-bottom: 0cm;\">0 \u00e0 1000km13 jours 3 heures et 59\u201975.953 km\/jour<\/p>\n<p style=\"margin-bottom: 0cm;\">1000 \u00e0 2000km14 jours 1 heure et 38\u201971.083 km\/jour<\/p>\n<p style=\"margin-bottom: 0cm;\">2000 \u00e0 3000km13 jours 21 heures et 57\u201971.867 km\/jour<\/p>\n<p style=\"margin-bottom: 0cm;\">3000 \u00e0 4000km13 jours 23 heures et 33\u201971.524 km\/jour<\/p>\n<\/p><\/div>\n<\/p><\/div>\n<p>        <br class=\"clear\">      <\/div>\n<p id=\"closingbar\">L&rsquo;INCROYABLE D\u00c9FI DE SERGE GIRARD<\/p>\n<\/p><\/div>\n<\/div>\n","protected":false},"excerpt":{"rendered":"<p>Cr\u00e9dit photo Fulvio d&rsquo;Aguanno Cr\u00e9dit photo Fulvio d&rsquo;Aguanno Cr\u00e9dit photo Fulvio d&rsquo;Aguanno Cr\u00e9dit photo Fulvio d&rsquo;Aguanno Cr\u00e9dit photo Fulvio d&rsquo;Aguanno J56 &#8211; 73.5Km SAMEDI 11 FEVRIERN40 58.921 E27 33.258 (sortie de Tekirdag)-N41 03.694 E28 20.447 (+5km de Silivri)73.5km &#8211; 9H04 Pour les milliers de kilom\u00e8tres, Serge r\u00e9pond aux abonn\u00e9s pr\u00e9sents un samedi sur deux. Quelle [&hellip;]<\/p>\n","protected":false},"author":1,"featured_media":0,"comment_status":"open","ping_status":"open","sticky":false,"template":"","format":"standard","meta":{"_et_pb_use_builder":"","_et_pb_old_content":"","_et_gb_content_width":"","footnotes":""},"categories":[1],"tags":[],"class_list":["post-2281","post","type-post","status-publish","format-standard","hentry","category-non-classe"],"_links":{"self":[{"href":"https:\/\/sergegirard.com\/5continents-eurasie\/wp-json\/wp\/v2\/posts\/2281","targetHints":{"allow":["GET"]}}],"collection":[{"href":"https:\/\/sergegirard.com\/5continents-eurasie\/wp-json\/wp\/v2\/posts"}],"about":[{"href":"https:\/\/sergegirard.com\/5continents-eurasie\/wp-json\/wp\/v2\/types\/post"}],"author":[{"embeddable":true,"href":"https:\/\/sergegirard.com\/5continents-eurasie\/wp-json\/wp\/v2\/users\/1"}],"replies":[{"embeddable":true,"href":"https:\/\/sergegirard.com\/5continents-eurasie\/wp-json\/wp\/v2\/comments?post=2281"}],"version-history":[{"count":0,"href":"https:\/\/sergegirard.com\/5continents-eurasie\/wp-json\/wp\/v2\/posts\/2281\/revisions"}],"wp:attachment":[{"href":"https:\/\/sergegirard.com\/5continents-eurasie\/wp-json\/wp\/v2\/media?parent=2281"}],"wp:term":[{"taxonomy":"category","embeddable":true,"href":"https:\/\/sergegirard.com\/5continents-eurasie\/wp-json\/wp\/v2\/categories?post=2281"},{"taxonomy":"post_tag","embeddable":true,"href":"https:\/\/sergegirard.com\/5continents-eurasie\/wp-json\/wp\/v2\/tags?post=2281"}],"curies":[{"name":"wp","href":"https:\/\/api.w.org\/{rel}","templated":true}]}}