{"id":2282,"date":"2006-02-12T00:00:00","date_gmt":"2006-02-11T23:00:00","guid":{"rendered":"https:\/\/sergegirard.com\/5continents-eurasie\/2006\/02\/12\/j57-2-12-2006\/"},"modified":"2006-02-12T00:00:00","modified_gmt":"2006-02-11T23:00:00","slug":"j57-2-12-2006","status":"publish","type":"post","link":"https:\/\/sergegirard.com\/5continents-eurasie\/2006\/02\/12\/j57-2-12-2006\/","title":{"rendered":"J57 &#8211; 2\/12\/2006"},"content":{"rendered":"<div class=\"galPhoto\">\n<div align=\"center\"><img decoding=\"async\" class=\"photoCourse\" src=\"https:\/\/sergegirard.com\/5continents-eurasie\/wp-content\/uploads\/sites\/11\/2024\/02\/57_367.jpg\"><span class=\"clic-image\"><br \/>Cr\u00e9dit photo Fulvio d&rsquo;Aguanno<\/span><\/div>\n<div align=\"center\"><img decoding=\"async\"  class=\"photoCourse\" src=\"https:\/\/sergegirard.com\/5continents-eurasie\/wp-content\/uploads\/sites\/11\/2024\/02\/57_368.jpg\"><span class=\"clic-image\"><br \/>Cr\u00e9dit photo Fulvio d&rsquo;Aguanno<\/span><\/div>\n<div align=\"center\"><img decoding=\"async\"  class=\"photoCourse\" src=\"https:\/\/sergegirard.com\/5continents-eurasie\/wp-content\/uploads\/sites\/11\/2024\/02\/57_369.jpg\"><span class=\"clic-image\"><br \/>Cr\u00e9dit photo Fulvio d&rsquo;Aguanno<\/span><\/div>\n<div align=\"center\"><img decoding=\"async\"  class=\"photoCourse\" src=\"https:\/\/sergegirard.com\/5continents-eurasie\/wp-content\/uploads\/sites\/11\/2024\/02\/57_370.jpg\"><span class=\"clic-image\"><br \/>Cr\u00e9dit photo Fulvio d&rsquo;Aguanno<\/span><\/div>\n<div align=\"center\"><img decoding=\"async\"  class=\"photoCourse\" src=\"https:\/\/sergegirard.com\/5continents-eurasie\/wp-content\/uploads\/sites\/11\/2024\/02\/57_371.jpg\"><span class=\"clic-image\"><br \/>Un march\u00e9 au poisson \u00e0 l&rsquo;entr\u00e9 d&rsquo;Istambul<\/span><\/div>\n<div align=\"center\"><img decoding=\"async\"  class=\"photoCourse\" src=\"https:\/\/sergegirard.com\/5continents-eurasie\/wp-content\/uploads\/sites\/11\/2024\/02\/57_372.jpg\"><span class=\"clic-image\"><br \/>Sur le pont de Galatay<\/span><\/div>\n<\/div>\n<h4 class=\"h4-1\">J57 &#8211; 73.4Km<\/h4>\n<h5 class=\"h5-2\">DIMANCHE 12 FEVRIER<br \/>N41 03.694 E28 20.447 (+5km de Silivri) &#8211;  ISTAMBUL pont sur le Bosphore c\u00f4t\u00e9 Europe<br \/>73.4km &#8211; 10H40 <\/h5>\n<div id=\"descin\">\n<p style=\"margin-bottom: 0cm;\">ISTAMBUL abrite 13 millions d\u2019\u00e2mes et la banlieue s\u2019\u00e9tend sur des kilom\u00e8tres. Serge apr\u00e8s un d\u00e9part matinal va se retrouver englouti dans un flot permanent de voitures.  <\/p>\n<p style=\"margin-bottom: 0cm;\">Une dure journ\u00e9e apr\u00e8s une nuit difficile pass\u00e9e dans un h\u00f4tel bruyant jusqu\u2019\u00e0 5H00 du matin soit 1H00 avant notre r\u00e9veil. Tout le monde affiche des petits yeux, pas la peine de demander si la nuit a \u00e9t\u00e9 bonne, elle a \u00e9t\u00e9 \u00e9pouvantable. C\u2019est pourquoi Serge est parti en oubliant ses gants et son bonnet et Laure s\u2019est retrouv\u00e9e sans cl\u00e9 de camping-car&nbsp;: la b\u00e9r\u00e9zina. <\/p>\n<p style=\"margin-bottom: 0cm;\">A l\u2019approche d\u2019Istambul, de la pluie puis de la neige fondue se m\u00ealent \u00e0 la partie, au point o\u00f9 nous ne voyons m\u00eame pas le pont du Bosphore qui \u00e9tait resplendissant hier. Cela doit un \u00eatre un mauvais pr\u00e9sage puisque Serge se fait cueillir au pied du pont par la police, la nuit est tomb\u00e9e. Je retrouve Serge et Fulvio au commissariat . Nous passerons 1H30 \u00e0 expliquer notre cas mais rien ni fera, Serge ne pourra pas passer le pont \u00e0 pied et ce soir c\u2019est la mort dans l\u2019\u00e2me que ce trait d&rsquo;union entre l\u2019Europe et l\u2019Asie ne pourra aboutir.<\/p>\n<p style=\"margin-bottom: 0cm;\">Ce symbole nous en avions r\u00eav\u00e9, dommage que Serge ne marche pas encore sur l\u2019eau.<\/p>\n<p style=\"margin-bottom: 0cm;\">Consolons nous, la premi\u00e8re partie de cette trans-continentale est achev\u00e9e. Serge a mis l\u2019Europe \u00e0 ses pieds. Merci \u00e0 Virginie, fran\u00e7aise expatri\u00e9e \u00e0 Istambul d\u2019\u00eatre venue courir quelques kilom\u00e8tres avec Serge sous la neige.<\/p>\n<p style=\"margin-bottom: 0cm;\">A l\u2019heure o\u00f9 je vous parle il se passe de dr\u00f4les d\u2019histoires \u00e0 l\u2019ambassade de France d\u2019Istambul (nouvelle apprise par SMS, ce soir) alors que rien ne se faisait ressentir cet apr\u00e8s-midi dans les rues o\u00f9 les amoureux semblaient plus enclin \u00e0 regarder la mer. La travers\u00e9e de Serge est un joli pied de nez \u00e0 toutes ces actualit\u00e9s plus d\u00e9primantes les unes que les autres et auxquelles nous \u00e9chappons jusqu\u2019alors.<\/p>\n<p style=\"margin-bottom: 0cm;\">Pourvu que notre bonne \u00e9toile continue \u00e0 veiller sur notre caravane qui conna\u00eet quelques changements ce soir,&nbsp;avec l\u2019arriv\u00e9e de Jo\u00ebl et de Georges et le retour de Ren\u00e9 et Pascal. Eliane, Christian et Fulvio nous quittent demain&nbsp;: bonjour tristesse.<\/p>\n<\/p><\/div>\n<\/p><\/div>\n<p>        <br class=\"clear\">      <\/div>\n<p id=\"closingbar\">L&rsquo;INCROYABLE D\u00c9FI DE SERGE GIRARD<\/p>\n<\/p><\/div>\n<\/div>\n","protected":false},"excerpt":{"rendered":"<p>Cr\u00e9dit photo Fulvio d&rsquo;Aguanno Cr\u00e9dit photo Fulvio d&rsquo;Aguanno Cr\u00e9dit photo Fulvio d&rsquo;Aguanno Cr\u00e9dit photo Fulvio d&rsquo;Aguanno Un march\u00e9 au poisson \u00e0 l&rsquo;entr\u00e9 d&rsquo;Istambul Sur le pont de Galatay J57 &#8211; 73.4Km DIMANCHE 12 FEVRIERN41 03.694 E28 20.447 (+5km de Silivri) &#8211; ISTAMBUL pont sur le Bosphore c\u00f4t\u00e9 Europe73.4km &#8211; 10H40 ISTAMBUL abrite 13 millions d\u2019\u00e2mes [&hellip;]<\/p>\n","protected":false},"author":1,"featured_media":0,"comment_status":"open","ping_status":"open","sticky":false,"template":"","format":"standard","meta":{"_et_pb_use_builder":"","_et_pb_old_content":"","_et_gb_content_width":"","footnotes":""},"categories":[1],"tags":[],"class_list":["post-2282","post","type-post","status-publish","format-standard","hentry","category-non-classe"],"_links":{"self":[{"href":"https:\/\/sergegirard.com\/5continents-eurasie\/wp-json\/wp\/v2\/posts\/2282","targetHints":{"allow":["GET"]}}],"collection":[{"href":"https:\/\/sergegirard.com\/5continents-eurasie\/wp-json\/wp\/v2\/posts"}],"about":[{"href":"https:\/\/sergegirard.com\/5continents-eurasie\/wp-json\/wp\/v2\/types\/post"}],"author":[{"embeddable":true,"href":"https:\/\/sergegirard.com\/5continents-eurasie\/wp-json\/wp\/v2\/users\/1"}],"replies":[{"embeddable":true,"href":"https:\/\/sergegirard.com\/5continents-eurasie\/wp-json\/wp\/v2\/comments?post=2282"}],"version-history":[{"count":0,"href":"https:\/\/sergegirard.com\/5continents-eurasie\/wp-json\/wp\/v2\/posts\/2282\/revisions"}],"wp:attachment":[{"href":"https:\/\/sergegirard.com\/5continents-eurasie\/wp-json\/wp\/v2\/media?parent=2282"}],"wp:term":[{"taxonomy":"category","embeddable":true,"href":"https:\/\/sergegirard.com\/5continents-eurasie\/wp-json\/wp\/v2\/categories?post=2282"},{"taxonomy":"post_tag","embeddable":true,"href":"https:\/\/sergegirard.com\/5continents-eurasie\/wp-json\/wp\/v2\/tags?post=2282"}],"curies":[{"name":"wp","href":"https:\/\/api.w.org\/{rel}","templated":true}]}}