{"id":2296,"date":"2005-12-24T00:00:00","date_gmt":"2005-12-23T23:00:00","guid":{"rendered":"https:\/\/sergegirard.com\/5continents-eurasie\/2005\/12\/24\/j7-12-24-2005\/"},"modified":"2005-12-24T00:00:00","modified_gmt":"2005-12-23T23:00:00","slug":"j7-12-24-2005","status":"publish","type":"post","link":"https:\/\/sergegirard.com\/5continents-eurasie\/2005\/12\/24\/j7-12-24-2005\/","title":{"rendered":"J7 &#8211; 12\/24\/2005"},"content":{"rendered":"<br \/>\n<h4 class=\"h4-1\">J7 &#8211; 75.0Km<\/h4>\n<h5 class=\"h5-2\">Samedi 24 d\u00e9cembre <br \/>Courville-sur-Eure &#8211; Oison<br \/>75km &#8211; 11H02 <\/h5>\n<div id=\"descin\">\n<p class=\"MsoNormal\">7h40 travers\u00e9e de la ville de Courville-sur-Eure qui commence tout juste \u00e0 s\u2019\u00e9veiller. Serge va \u00e9voluer aujourd\u2019hui sur une route plate, rase campagne de la Beauce, au fil de petites d\u00e9partementales d\u00e9sertes. Il traverse quelques villages tout aussi d\u00e9sertiques et d\u00e9pourvus de tout signe de vie. Comme me l&rsquo;a soulign\u00e9 une personne sur le net, il faut prendre une carte d\u00e9taill\u00e9e pour suivre Serge. Pour vous situer un peu notre position du jour, Serge a contourn\u00e9 Chartres par l\u2019ouest et le sud pour rejoindre Janville et ses \u00e9oliennes, passer au dessus de l\u2019A10 et atteindre Oison, village de 60 \u00e2mes.<\/p>\n<p class=\"MsoNormal\">Il a d\u00e9cid\u00e9 de raccourcir cette \u00e9tape et d\u2019allonger celle de demain car nous sommes attendus lundi en fin d\u2019apr\u00e8s-midi \u00e0 Mon\u00e9teau ( <st1:metricconverter w:st=\"on\" productid=\"10 km\">10 km<\/st1:metricconverter> au dessus d\u2019Auxerre) par un comit\u00e9 d\u2019accueil qui sera des plus chaleureux. Il ne s\u2019agit pas de prendre du retard. <\/p>\n<p class=\"MsoNormal\">Serge a eu deux visites aujourd\u2019hui&nbsp;:<\/p>\n<p class=\"MsoNormal\">Wilma et Jacques, deux motards venus lui remettre en personne un message d\u2019encouragement depuis Nogent-le-Roi. Ils nous ont trouv\u00e9 vers midi avant Meslay-le-Vidame.<\/p>\n<p class=\"MsoNormal\">J\u2019ai du abandonner Serge pour aller faire quelques courses sur Chartres, et une fois n\u2019est pas coutume il aura rajout\u00e9 2 kms \u00e0 son \u00e9tape en cherchant la petite d\u00e9partementale D12 depuis la N10 qu\u2019il a crois\u00e9 \u00e0 <st1:personname w:st=\"on\" productid=\"la Bourdini\u00e8re. Trop\">la Bourdini\u00e8re. Trop<\/st1:personname> occup\u00e9 par le ravitaillement, j\u2019ai oubli\u00e9 de faire une photo comme j\u2019en ai l\u2019habitude pour chaque visiteur.<\/p>\n<p class=\"MsoNormal\">A 16H00 \u00e0 Allaines, une deuxi\u00e8me visite, celle de G\u00e9rard qui habite Orl\u00e9ans. Il a accompagn\u00e9 Serge en courant jusqu\u2019\u00e0 Oison o\u00f9 il f\u00eate le r\u00e9veillon. C\u2019est dans la cour de ferme de sa belle-famille que nous passerons cette soir\u00e9e. Nous les remercions de leur hospitalit\u00e9. Merci pour les 6 hu\u00eetres que G\u00e9rard a apport\u00e9 \u00e0 Serge, elles \u00e9taient d\u00e9licieuses. <\/p>\n<p class=\"MsoNormal\">Serge va bien moralement malgr\u00e9 son faible kilom\u00e8trage-horaire d\u00fb \u00e0 la fatigue et \u00e0 son mal de jambes qui m\u00eame la nuit a du mal \u00e0 le laisser en paix. Il porte durant son sommeil des chaussettes de contention BVS Sport, mais la nuit derni\u00e8re il a d\u00fb les enlever car elles lui entamaient le mollet, surtout le droit (toujours ces s\u00e9quelles de syndrome des loges op\u00e9r\u00e9). Bref, la fatigue est bien r\u00e9elle malgr\u00e9 une m\u00e9t\u00e9o toujours cl\u00e9mente. Le vent qui habituellement balaie avec force ce vaste plateau semble s\u2019\u00eatre endormi et il ne nous reste plus qu\u2019\u00e0 vous souhaiter un Bon et Joyeux No\u00ebl.<\/p>\n<p>Un remerciement tout particulier \u00e0 Brigitte et Jean-Yves, nos voisins et <br \/>amis que je n\u2019ai pas cess\u00e9 de d\u00e9ranger ce matin pour rattraper tous les <br \/>petits oublis que j\u2019ai fait \u00e0 la maison, et qui partiront lundi avec le <br \/>4&#215;4 et la remorque conduit par Daniel et Arlette pour nous rejoindre \u00e0 <br \/>Mon\u00e9teau et nous accompagner jusqu\u2019\u00e0 Munich.<\/p>\n<\/p><\/div>\n<\/p><\/div>\n<p>        <br class=\"clear\">      <\/div>\n<p id=\"closingbar\">L&rsquo;INCROYABLE D\u00c9FI DE SERGE GIRARD<\/p>\n<\/p><\/div>\n<\/div>\n","protected":false},"excerpt":{"rendered":"<p>J7 &#8211; 75.0Km Samedi 24 d\u00e9cembre Courville-sur-Eure &#8211; Oison75km &#8211; 11H02 7h40 travers\u00e9e de la ville de Courville-sur-Eure qui commence tout juste \u00e0 s\u2019\u00e9veiller. Serge va \u00e9voluer aujourd\u2019hui sur une route plate, rase campagne de la Beauce, au fil de petites d\u00e9partementales d\u00e9sertes. Il traverse quelques villages tout aussi d\u00e9sertiques et d\u00e9pourvus de tout signe [&hellip;]<\/p>\n","protected":false},"author":1,"featured_media":0,"comment_status":"open","ping_status":"open","sticky":false,"template":"","format":"standard","meta":{"_et_pb_use_builder":"","_et_pb_old_content":"","_et_gb_content_width":"","footnotes":""},"categories":[1],"tags":[],"class_list":["post-2296","post","type-post","status-publish","format-standard","hentry","category-non-classe"],"_links":{"self":[{"href":"https:\/\/sergegirard.com\/5continents-eurasie\/wp-json\/wp\/v2\/posts\/2296","targetHints":{"allow":["GET"]}}],"collection":[{"href":"https:\/\/sergegirard.com\/5continents-eurasie\/wp-json\/wp\/v2\/posts"}],"about":[{"href":"https:\/\/sergegirard.com\/5continents-eurasie\/wp-json\/wp\/v2\/types\/post"}],"author":[{"embeddable":true,"href":"https:\/\/sergegirard.com\/5continents-eurasie\/wp-json\/wp\/v2\/users\/1"}],"replies":[{"embeddable":true,"href":"https:\/\/sergegirard.com\/5continents-eurasie\/wp-json\/wp\/v2\/comments?post=2296"}],"version-history":[{"count":0,"href":"https:\/\/sergegirard.com\/5continents-eurasie\/wp-json\/wp\/v2\/posts\/2296\/revisions"}],"wp:attachment":[{"href":"https:\/\/sergegirard.com\/5continents-eurasie\/wp-json\/wp\/v2\/media?parent=2296"}],"wp:term":[{"taxonomy":"category","embeddable":true,"href":"https:\/\/sergegirard.com\/5continents-eurasie\/wp-json\/wp\/v2\/categories?post=2296"},{"taxonomy":"post_tag","embeddable":true,"href":"https:\/\/sergegirard.com\/5continents-eurasie\/wp-json\/wp\/v2\/tags?post=2296"}],"curies":[{"name":"wp","href":"https:\/\/api.w.org\/{rel}","templated":true}]}}