{"id":2299,"date":"2006-02-27T00:00:00","date_gmt":"2006-02-26T23:00:00","guid":{"rendered":"https:\/\/sergegirard.com\/5continents-eurasie\/2006\/02\/27\/j72-2-27-2006\/"},"modified":"2006-02-27T00:00:00","modified_gmt":"2006-02-26T23:00:00","slug":"j72-2-27-2006","status":"publish","type":"post","link":"https:\/\/sergegirard.com\/5continents-eurasie\/2006\/02\/27\/j72-2-27-2006\/","title":{"rendered":"J72 &#8211; 2\/27\/2006"},"content":{"rendered":"<br \/>\n<h4 class=\"h4-1\">J72 &#8211; 74.0Km<\/h4>\n<h5 class=\"h5-2\">LUNDI 27 FEVRIER<br \/>N41 12.650 E36 59.185 ( TERME) &#8211; N41 07.101 E37 39.591<br \/>74km &#8211; 9H13 <\/h5>\n<div id=\"descin\">\n<p style=\"margin-bottom: 0cm;\">Malgr\u00e9 le soleil et une mer bleue \u00e0 faire p\u00e2lir une schtrumphette, la course Paris-Tokyo est aujourd\u2019hui endeuill\u00e9e. La maman de Ren\u00e9, d\u00e9c\u00e9d\u00e9e jeudi 23 f\u00e9vrier a \u00e9t\u00e9 inhum\u00e9e ce matin \u00e0 Amb\u00e9rieux. Ren\u00e9 a choisi de rester dans la caravane&nbsp;: \u00ab&nbsp;ici ou l\u00e0-bas, \u00e7a ne change rien&nbsp;\u00bb. Effectivement la peine et les pens\u00e9es sont les m\u00eames. En signe de deuil, Serge porte un brassard noir et l\u2019\u00e9quipe s\u2019est r\u00e9unie main dans la main pour un instant de pri\u00e8re. Ren\u00e9 a cueilli quelques cyclamens sauvages puis les a jet\u00e9es dans la mer. Nous envoyons toutes nos condol\u00e9ances \u00e0 la famille qui \u00e9tait r\u00e9unie ce matin pour l\u2019inhumation.  <\/p>\n<p style=\"margin-bottom: 0cm;\">Ainsi va la vie, la route continue pour Serge, pour l\u2019\u00e9quipe.  <\/p>\n<\/p><\/div>\n<\/p><\/div>\n<p>        <br class=\"clear\">      <\/div>\n<p id=\"closingbar\">L&rsquo;INCROYABLE D\u00c9FI DE SERGE GIRARD<\/p>\n<\/p><\/div>\n<\/div>\n","protected":false},"excerpt":{"rendered":"<p>J72 &#8211; 74.0Km LUNDI 27 FEVRIERN41 12.650 E36 59.185 ( TERME) &#8211; N41 07.101 E37 39.59174km &#8211; 9H13 Malgr\u00e9 le soleil et une mer bleue \u00e0 faire p\u00e2lir une schtrumphette, la course Paris-Tokyo est aujourd\u2019hui endeuill\u00e9e. La maman de Ren\u00e9, d\u00e9c\u00e9d\u00e9e jeudi 23 f\u00e9vrier a \u00e9t\u00e9 inhum\u00e9e ce matin \u00e0 Amb\u00e9rieux. Ren\u00e9 a choisi de [&hellip;]<\/p>\n","protected":false},"author":1,"featured_media":0,"comment_status":"open","ping_status":"open","sticky":false,"template":"","format":"standard","meta":{"_et_pb_use_builder":"","_et_pb_old_content":"","_et_gb_content_width":"","footnotes":""},"categories":[1],"tags":[],"class_list":["post-2299","post","type-post","status-publish","format-standard","hentry","category-non-classe"],"_links":{"self":[{"href":"https:\/\/sergegirard.com\/5continents-eurasie\/wp-json\/wp\/v2\/posts\/2299","targetHints":{"allow":["GET"]}}],"collection":[{"href":"https:\/\/sergegirard.com\/5continents-eurasie\/wp-json\/wp\/v2\/posts"}],"about":[{"href":"https:\/\/sergegirard.com\/5continents-eurasie\/wp-json\/wp\/v2\/types\/post"}],"author":[{"embeddable":true,"href":"https:\/\/sergegirard.com\/5continents-eurasie\/wp-json\/wp\/v2\/users\/1"}],"replies":[{"embeddable":true,"href":"https:\/\/sergegirard.com\/5continents-eurasie\/wp-json\/wp\/v2\/comments?post=2299"}],"version-history":[{"count":0,"href":"https:\/\/sergegirard.com\/5continents-eurasie\/wp-json\/wp\/v2\/posts\/2299\/revisions"}],"wp:attachment":[{"href":"https:\/\/sergegirard.com\/5continents-eurasie\/wp-json\/wp\/v2\/media?parent=2299"}],"wp:term":[{"taxonomy":"category","embeddable":true,"href":"https:\/\/sergegirard.com\/5continents-eurasie\/wp-json\/wp\/v2\/categories?post=2299"},{"taxonomy":"post_tag","embeddable":true,"href":"https:\/\/sergegirard.com\/5continents-eurasie\/wp-json\/wp\/v2\/tags?post=2299"}],"curies":[{"name":"wp","href":"https:\/\/api.w.org\/{rel}","templated":true}]}}