{"id":2306,"date":"2006-03-06T00:00:00","date_gmt":"2006-03-05T23:00:00","guid":{"rendered":"https:\/\/sergegirard.com\/5continents-eurasie\/2006\/03\/06\/j79-3-6-2006\/"},"modified":"2006-03-06T00:00:00","modified_gmt":"2006-03-05T23:00:00","slug":"j79-3-6-2006","status":"publish","type":"post","link":"https:\/\/sergegirard.com\/5continents-eurasie\/2006\/03\/06\/j79-3-6-2006\/","title":{"rendered":"J79 &#8211; 3\/6\/2006"},"content":{"rendered":"<br \/>\n<h4 class=\"h4-1\">J79 &#8211; 75.1Km<\/h4>\n<h5 class=\"h5-2\">LUNDI 6 MARS<br \/>N39 57.473 E41 20.360 (1829m -10km apr\u00e8s ERZURUM) &#8211; N40 01.957 E42 07.092 (1561m &#8211; HORASAN)<br \/>75,1km &#8211; 9H23 <\/h5>\n<div id=\"descin\">\n<p style=\"margin-bottom: 0cm;\">-5\u00b0C, \u00e0 7H15 Serge prend le d\u00e9part et commence par 3 km de c\u00f4te. Ce sera la seule de la journ\u00e9e puisque par la suite le profil descendra tranquillement  jusqu\u2019\u00e0 Horosan.<\/p>\n<p style=\"margin-bottom: 0cm;\">Ce f\u00fbt la journ\u00e9e des contr\u00f4les&nbsp;: 2 voitures de police et l\u2019arm\u00e9e&nbsp;: 6 militaires se pr\u00e9sentent \u00e0 nous, mitraillette en bandouli\u00e8re pour un contr\u00f4le de passeport. Nous sentons que l\u2019ambiance est plus sensible \u00e0 l\u2019approche de la fronti\u00e8re. L\u2019est de la Turquie est \u00e9galement le refuge de la minorit\u00e9 kurde (12 millions de kurdes pour 68 millions d\u2019habitants). Les kurdes demandent depuis presque la nuit des temps le droit \u00e0 un territoire, et \u00e0 d\u00e9faut de territoire au moins de pouvoir garder leur entit\u00e9 kurde&nbsp;: \u00e9cole, presse dans leur langue, t\u00e9l\u00e9vision &#8230; or tout cela est pour le moment interdit par le gouvernement. Ce probl\u00e8me kurde est une des raisons pour laquelle la Turquie n\u2019est pas encore entr\u00e9e dans l\u2019Europe puisque l\u2019Etat ne respecte pas les droits de cette minorit\u00e9, ni leur libert\u00e9 d\u2019expression.  <\/p>\n<p style=\"margin-bottom: 0cm;\">De n\u00f4tre c\u00f4t\u00e9, nous sentons un changement radical d\u2019ambiance. Les gens sont moins ouverts et les regards diff\u00e9rents, pas question de parler ouvertement \u00e0 une femme, qui la plupart du temps d\u00e9tourne la t\u00eate \u00e0 notre passage. Les villes sont plus pauvres, plus sales. Les chevaux comme moyen de locomotion font leur r\u00e9apparition. Nous sommes loin, tr\u00e8s loin d\u2019Istambul.<\/p>\n<p style=\"margin-bottom: 0cm;\">Tout cela nous le respectons bien s\u00fbr, nous sommes les plus discrets possible.<\/p>\n<p style=\"margin-bottom: 0cm;\">A Pasinler, cela n\u2019a pas emp\u00eacher notre caravane d\u2019attirer l\u2019attention&nbsp;: voil\u00e0 les Dupont et Georges partis prendre le th\u00e9 au commissariat avec la police. A la sortie de la ville, Serge tombe sur les \u00e9coliers qui sortent des cours&nbsp;: cet attroupement est incroyable (voir les photos). Un moment magique comme tant d\u2019autres \u2026<\/p>\n<p style=\"margin-bottom: 0cm;\">Serge nous dira ce soir que sa journ\u00e9e s\u2019est bien pass\u00e9e hormis les 15 derniers kilom\u00e8tres qui lui ont sembl\u00e9 tr\u00e8s longs.   <\/p>\n<\/p><\/div>\n<\/p><\/div>\n<p>        <br class=\"clear\">      <\/div>\n<p id=\"closingbar\">L&rsquo;INCROYABLE D\u00c9FI DE SERGE GIRARD<\/p>\n<\/p><\/div>\n<\/div>\n","protected":false},"excerpt":{"rendered":"<p>J79 &#8211; 75.1Km LUNDI 6 MARSN39 57.473 E41 20.360 (1829m -10km apr\u00e8s ERZURUM) &#8211; N40 01.957 E42 07.092 (1561m &#8211; HORASAN)75,1km &#8211; 9H23 -5\u00b0C, \u00e0 7H15 Serge prend le d\u00e9part et commence par 3 km de c\u00f4te. Ce sera la seule de la journ\u00e9e puisque par la suite le profil descendra tranquillement jusqu\u2019\u00e0 Horosan. Ce [&hellip;]<\/p>\n","protected":false},"author":1,"featured_media":0,"comment_status":"open","ping_status":"open","sticky":false,"template":"","format":"standard","meta":{"_et_pb_use_builder":"","_et_pb_old_content":"","_et_gb_content_width":"","footnotes":""},"categories":[1],"tags":[],"class_list":["post-2306","post","type-post","status-publish","format-standard","hentry","category-non-classe"],"_links":{"self":[{"href":"https:\/\/sergegirard.com\/5continents-eurasie\/wp-json\/wp\/v2\/posts\/2306","targetHints":{"allow":["GET"]}}],"collection":[{"href":"https:\/\/sergegirard.com\/5continents-eurasie\/wp-json\/wp\/v2\/posts"}],"about":[{"href":"https:\/\/sergegirard.com\/5continents-eurasie\/wp-json\/wp\/v2\/types\/post"}],"author":[{"embeddable":true,"href":"https:\/\/sergegirard.com\/5continents-eurasie\/wp-json\/wp\/v2\/users\/1"}],"replies":[{"embeddable":true,"href":"https:\/\/sergegirard.com\/5continents-eurasie\/wp-json\/wp\/v2\/comments?post=2306"}],"version-history":[{"count":0,"href":"https:\/\/sergegirard.com\/5continents-eurasie\/wp-json\/wp\/v2\/posts\/2306\/revisions"}],"wp:attachment":[{"href":"https:\/\/sergegirard.com\/5continents-eurasie\/wp-json\/wp\/v2\/media?parent=2306"}],"wp:term":[{"taxonomy":"category","embeddable":true,"href":"https:\/\/sergegirard.com\/5continents-eurasie\/wp-json\/wp\/v2\/categories?post=2306"},{"taxonomy":"post_tag","embeddable":true,"href":"https:\/\/sergegirard.com\/5continents-eurasie\/wp-json\/wp\/v2\/tags?post=2306"}],"curies":[{"name":"wp","href":"https:\/\/api.w.org\/{rel}","templated":true}]}}