{"id":2324,"date":"2006-03-22T00:00:00","date_gmt":"2006-03-21T23:00:00","guid":{"rendered":"https:\/\/sergegirard.com\/5continents-eurasie\/2006\/03\/22\/j95-3-22-2006\/"},"modified":"2006-03-22T00:00:00","modified_gmt":"2006-03-21T23:00:00","slug":"j95-3-22-2006","status":"publish","type":"post","link":"https:\/\/sergegirard.com\/5continents-eurasie\/2006\/03\/22\/j95-3-22-2006\/","title":{"rendered":"J95 &#8211; 3\/22\/2006"},"content":{"rendered":"<br \/>\n<h4 class=\"h4-1\">J95 &#8211; 75.7Km<\/h4>\n<h5 class=\"h5-2\">MERCREDI 22 MARS<br \/>N35 35.118 E51 31.827 (1163m &#8211; sortie de T\u00e9h\u00e9ran) &#8211; N35 14.853 E52 12.463 (894m &#8211;  10km Garsmar)<br \/>75,7km &#8211; 9H29 <\/h5>\n<div id=\"descin\">\n<p style=\"margin-bottom: 0cm;\">Toute l\u2019\u00e9quipe est fin pr\u00eate \u00e0 6H50 et les 3 v\u00e9hicules ( Madjid nous accompagne \u00e0 partir de maintenant avec son propre v\u00e9hicule)  prennent la route direction le d\u00e9part \u00e0 35km de l\u00e0. Les nouveaux arrivants&nbsp;: Claire, Benjamin, Jean-Marc et Mathieu ont de petits yeux&nbsp;, effet du d\u00e9calage horaire.<\/p>\n<p style=\"margin-bottom: 0cm;\">A 7H45\u2019, Serge prend le d\u00e9part sous le soleil toujours et encore et on ne s\u2019en plaint pas. La temp\u00e9rature est m\u00eame estivale, au c\u0153ur de l\u2019apr\u00e8s-midi au soleil le thermom\u00e8tre affiche 30\u00b0C. On aurait presque chaud&nbsp;!<\/p>\n<p style=\"margin-bottom: 0cm;\">Serge va bon train, le visage est d\u00e9tendu contrairement \u00e0 hier qui f\u00fbt une dure et longue journ\u00e9e.  <\/p>\n<p style=\"margin-bottom: 0cm;\">Ren\u00e9 et Georges ont pour mission de passer toutes les consignes aux nouveaux.  <\/p>\n<p style=\"margin-bottom: 0cm;\">La moyenne d\u2019\u00e2ge du pr\u00e9c\u00e9dent groupe avoisinait les 54 ans, le nouveau groupe de 6 nous donne une moyenne de 35,5 ans. La course Paris-Tokyo c\u2019est un peu comme les jeux de soci\u00e9t\u00e9&nbsp;: participation de 7 \u00e0 77 ans. Plus s\u00e9rieusement, le suiveur le plus jeune a 15 ans et le plus ancien 69 ans et oui c\u2019est tonton&nbsp;: le jeune homme comme nous l\u2019appelons.  <\/p>\n<p style=\"margin-bottom: 0cm;\">Claire et Mathieu ont pour mission de vous r\u00e9galer respectivement de photos et de vid\u00e9os. Benjamin (18 ans) et son papa, Jean-Marc vont prendre la succession aux ravitaillements aupr\u00e8s de Serge et dans les t\u00e2ches li\u00e9es au campement. Un vaste programme o\u00f9 l\u2019ennuie n\u2019est pas d\u2019actualit\u00e9.  <\/p>\n<p style=\"margin-bottom: 0cm;\">A l\u2019approche de T\u00e9h\u00e9ran puis \u00e0 sa sortie, les montagnes sont de retour. De part et d\u2019autre de la route, quelques rizi\u00e8res verdoyantes contrastent \u00e9trangement avec l\u2019aspect min\u00e9ral de la roche omnipr\u00e9sente. Le riz est l\u2019aliment de base en Iran&nbsp;: on en mange \u00e0 tous les repas avec toutes les sortes de viande. Le pays produit 90% de ses besoins en riz et le reste est import\u00e9 d\u2019Inde. Dommage de ne pas trouver ce succulent riz iranien dans nos supermarch\u00e9s car il est tr\u00e8s fin et tr\u00e8s bon. Nous ne nous en lassons pas.   <\/p>\n<p style=\"margin-bottom: 0cm;\">Il est 20H00, il est temps de partir pour Georges et Ren\u00e9 qui nous quittent apr\u00e8s 38 jours d\u2019accompagnement&nbsp;. Les d\u00e9parts sont toujours un peu tristes\u2026 entach\u00e9s d\u2019\u00e9motion. J\u2019en profite pour remercier cette \u00e9quipe doyenne, Jo\u00ebl, Ren\u00e9 et Georges, pour leur soutien, leur efficacit\u00e9, leur d\u00e9vouement aupr\u00e8s de Sergeet tout simplement leur pr\u00e9sence. Ce fut un r\u00e9el partage et que du bonheur&nbsp;!   <\/p>\n<p style=\"margin-bottom: 0cm;\"><\/p>\n<\/p><\/div>\n<\/p><\/div>\n<p>        <br class=\"clear\">      <\/div>\n<p id=\"closingbar\">L&rsquo;INCROYABLE D\u00c9FI DE SERGE GIRARD<\/p>\n<\/p><\/div>\n<\/div>\n","protected":false},"excerpt":{"rendered":"<p>J95 &#8211; 75.7Km MERCREDI 22 MARSN35 35.118 E51 31.827 (1163m &#8211; sortie de T\u00e9h\u00e9ran) &#8211; N35 14.853 E52 12.463 (894m &#8211; 10km Garsmar)75,7km &#8211; 9H29 Toute l\u2019\u00e9quipe est fin pr\u00eate \u00e0 6H50 et les 3 v\u00e9hicules ( Madjid nous accompagne \u00e0 partir de maintenant avec son propre v\u00e9hicule) prennent la route direction le d\u00e9part \u00e0 [&hellip;]<\/p>\n","protected":false},"author":1,"featured_media":0,"comment_status":"open","ping_status":"open","sticky":false,"template":"","format":"standard","meta":{"_et_pb_use_builder":"","_et_pb_old_content":"","_et_gb_content_width":"","footnotes":""},"categories":[1],"tags":[],"class_list":["post-2324","post","type-post","status-publish","format-standard","hentry","category-non-classe"],"_links":{"self":[{"href":"https:\/\/sergegirard.com\/5continents-eurasie\/wp-json\/wp\/v2\/posts\/2324","targetHints":{"allow":["GET"]}}],"collection":[{"href":"https:\/\/sergegirard.com\/5continents-eurasie\/wp-json\/wp\/v2\/posts"}],"about":[{"href":"https:\/\/sergegirard.com\/5continents-eurasie\/wp-json\/wp\/v2\/types\/post"}],"author":[{"embeddable":true,"href":"https:\/\/sergegirard.com\/5continents-eurasie\/wp-json\/wp\/v2\/users\/1"}],"replies":[{"embeddable":true,"href":"https:\/\/sergegirard.com\/5continents-eurasie\/wp-json\/wp\/v2\/comments?post=2324"}],"version-history":[{"count":0,"href":"https:\/\/sergegirard.com\/5continents-eurasie\/wp-json\/wp\/v2\/posts\/2324\/revisions"}],"wp:attachment":[{"href":"https:\/\/sergegirard.com\/5continents-eurasie\/wp-json\/wp\/v2\/media?parent=2324"}],"wp:term":[{"taxonomy":"category","embeddable":true,"href":"https:\/\/sergegirard.com\/5continents-eurasie\/wp-json\/wp\/v2\/categories?post=2324"},{"taxonomy":"post_tag","embeddable":true,"href":"https:\/\/sergegirard.com\/5continents-eurasie\/wp-json\/wp\/v2\/tags?post=2324"}],"curies":[{"name":"wp","href":"https:\/\/api.w.org\/{rel}","templated":true}]}}